{"id":11629,"date":"2021-02-21T06:00:26","date_gmt":"2021-02-21T06:00:26","guid":{"rendered":"https:\/\/blog.sh.com.tr\/?p=11629"},"modified":"2021-02-03T12:23:51","modified_gmt":"2021-02-03T12:23:51","slug":"sosyal-medya-editorlugu-nedir","status":"publish","type":"post","link":"https:\/\/sh.com.tr\/blog\/sosyal-medya-editorlugu-nedir\/","title":{"rendered":"Sosyal Medya Edit\u00f6rl\u00fc\u011f\u00fc Nedir?"},"content":{"rendered":"<p><strong><b>Sosyal Medya Edit\u00f6rl\u00fc\u011f\u00fc Nedir?<\/b><\/strong><\/p>\n<p><u>Sosyal Medya Edit\u00f6rl\u00fc\u011f\u00fc alan\u0131 <\/u>belirli bir kurum ya da firma b\u00fcnyesinde yap\u0131lmakta olan \u00e7al\u0131\u015fmalar\u0131n ya da \u00fcretilmekte olan i\u00e7eriklerin sosyal medya kanallar\u0131 ile m\u00fc\u015fterilere ula\u015ft\u0131r\u0131lmas\u0131n\u0131 sa\u011flamaktad\u0131r. <strong><b>Sosyal Medya Edit\u00f6rl\u00fc\u011f\u00fc <\/b><\/strong>her sekt\u00f6rde bulunmakta olan bir alan olarak \u00f6nemli bir meslek grubu haline gelmi\u015ftir.<\/p>\n<p>Sosyal Medya Edit\u00f6rl\u00fc\u011f\u00fc yapacak ki\u015filerin de bu nedenle \u015firket ya da kurum i\u00e7erisindeki ak\u0131\u015f\u0131 \u00e7ok iyi bilmeleri ve bu do\u011frultuda i\u00e7erik haz\u0131rlamalar\u0131 gerekmektedir. Ayn\u0131 zamanda kurum misyon ve vizyonu da haz\u0131rlanan i\u00e7eriklerde olduk\u00e7a \u00f6nemlidir.<\/p>\n<p>Sosyal Medya hesaplar\u0131ndaki i\u00e7eriklerin \u00fcretilmesinin yan\u0131 s\u0131ra bu i\u00e7eriklerin hangi kanal \u00fczerinden daha etkili bir bi\u00e7imde ula\u015ft\u0131r\u0131laca\u011f\u0131n\u0131 da Sosyal Medya Edit\u00f6r\u00fc belirledi\u011fi i\u00e7in meslek alan\u0131 itibariyle \u00e7ok y\u00f6nl\u00fcl\u00fc\u011f\u00fcn esas al\u0131nd\u0131\u011f\u0131 bilinmektedir.<\/p>\n<p><strong><b>Sosyal Medya Edit\u00f6r\u00fcn\u00fcn Sorumluluklar\u0131 Nelerdir?<\/b><\/strong><\/p>\n<p><strong><b>Sosyal Medya edit\u00f6r\u00fcn\u00fcn sorumluluklar\u0131 <\/b><\/strong>\u015firketin b\u00fcy\u00fckl\u00fc\u011f\u00fcne g\u00f6re de\u011fi\u015fiklik g\u00f6stermekle birlikte \u015fu \u015fekilde s\u0131ralanmaktad\u0131r:<\/p>\n<ul>\n<li>Sosyal medya platformlar\u0131 ile uyumlu i\u00e7erik \u00fcretmek<\/li>\n<li>\u0130\u00e7eriklerin, d\u00fczenli aral\u0131klarla ve e\u015f zamanl\u0131 olarak payla\u015f\u0131lmas\u0131n\u0131 sa\u011flamak<\/li>\n<li>Payla\u015f\u0131lan i\u00e7eriklerin \u015firket imaj\u0131nda olumsuz bir g\u00f6r\u00fcnt\u00fcye sebep olmayaca\u011f\u0131n\u0131 tayin etmek<\/li>\n<li>Haz\u0131rlanan i\u00e7eriklerde do\u011fru bir dil kullan\u0131m\u0131 ile istenen mesaj\u0131n en etkili \u015fekilde ula\u015ft\u0131r\u0131lmas\u0131n\u0131 sa\u011flamak<\/li>\n<li>Yeni i\u00e7eriklerin ya da \u00fcr\u00fcnlerin takibini yaparak en k\u0131sa s\u00fcrede payla\u015f\u0131mda bulunmak<\/li>\n<li>Birden fazla sosyal medya kanal\u0131n\u0131n kullan\u0131lmas\u0131 durumunda bu kanallar\u0131n ortak bir bi\u00e7imde y\u00f6netilmesine destek olmak<\/li>\n<\/ul>\n<p><strong><b>Sosyal Medya Edit\u00f6rl\u00fc\u011f\u00fc <\/b><\/strong>yapacak ki\u015filerin bu g\u00f6revleri, meslek tan\u0131mlar\u0131 i\u00e7erisinde yer almakla birlikte bunun d\u0131\u015f\u0131nda ekip \u00e7al\u0131\u015fmas\u0131na yatk\u0131n olmas\u0131 ve \u00f6zverili bir bi\u00e7imde \u00e7al\u0131\u015fmas\u0131 gibi beklentiler de bulunmaktad\u0131r.<\/p>\n<p><strong><b>Sosyal Medya Edit\u00f6r\u00fc Nas\u0131l Olunur?<\/b><\/strong><\/p>\n<p><u>Sosyal Medya Edit\u00f6r\u00fc olmak <\/u>i\u00e7in herhangi bir lisans program\u0131 bulunmamaktad\u0131r. \u00dcniversitelerde ilgili b\u00f6l\u00fcm olarak bilinen Pazarlama, Halkla \u0130li\u015fkiler, D\u0131\u015f Ticaret gibi alanlardan mezun olunmas\u0131 \u00f6ncelik olarak belirlenmektedir.<\/p>\n<p>Bu alanlar\u0131n d\u0131\u015f\u0131nda da farkl\u0131 bir \u00fcniversite lisans mezuniyeti olmas\u0131 halinde sosyal medyaya ili\u015fkin belirli e\u011fitim planlamalar\u0131ndan ge\u00e7ilmesi halinde Sosyal Medya Edit\u00f6r\u00fc olarak \u00e7al\u0131\u015fmak m\u00fcmk\u00fcn olmaktad\u0131r.<\/p>\n<p>Sosyal Medya Edit\u00f6rl\u00fc\u011f\u00fc \u00f6ncesinde, Sosyal Medya Sorumlusu gibi alanlarda \u00e7al\u0131\u015fm\u0131\u015f olanlar\u0131n bu meslek sahas\u0131nda tecr\u00fcbe kazanmas\u0131 nedeniyle a\u015famal\u0131 olarak edit\u00f6rl\u00fc\u011fe ge\u00e7i\u015fleri de sa\u011flanabilmektedir.<\/p>\n<p><strong><b>Sosyal Medya Edit\u00f6r\u00fc Maa\u015flar\u0131 Nas\u0131ld\u0131r?<\/b><\/strong><\/p>\n<p><strong><b>Sosyal Medya Edit\u00f6r\u00fc maa\u015flar\u0131 <\/b><\/strong>\u00e7al\u0131\u015f\u0131lmakta olan \u015firketin veya kurumun b\u00fcy\u00fckl\u00fc\u011f\u00fcne g\u00f6re de\u011fi\u015fiklik g\u00f6stermektedir. Bu maa\u015flar i\u00e7in ayn\u0131 zamanda mesleki tecr\u00fcbeler de belirleyici olabilmektedir.<\/p>\n<p>Sosyal Medya Edit\u00f6r\u00fc olarak \u00e7al\u0131\u015fmak isteyenlerin \u00f6ncelikle y\u00fcksek maa\u015f beklentisi olmadan i\u015fi \u00f6\u011frenmek i\u00e7in uzmanlar\u0131n yan\u0131nda \u00e7al\u0131\u015fmalar\u0131,\u00a0yeterli tecr\u00fcbeyi kazanmalar\u0131 durumunda daha y\u00fcksek maa\u015flar sunan i\u015flere ba\u015flamalar\u0131 gerekmektedir.<\/p>\n<p><strong><b>Sosyal Medya Edit\u00f6rl\u00fc\u011f\u00fc <\/b><\/strong>yeni geli\u015fmekte olan bir meslek alan\u0131 olmas\u0131 nedeniyle maa\u015f aral\u0131klar\u0131nda da minimum seviyenin asgari \u00fccret oldu\u011fu bilinmektedir. Fakat tavan olarak bilinen maksimum de\u011fer ise \u015firketler baz\u0131na de\u011fi\u015fmekte olup \u00e7ok y\u00fcksek maa\u015f tutarlar\u0131 ile \u00e7al\u0131\u015fmakta olan edit\u00f6rler de bulunmaktad\u0131r.<\/p>\n","protected":false},"excerpt":{"rendered":"<p>Sosyal Medya Edit\u00f6rl\u00fc\u011f\u00fc Nedir? Sosyal Medya Edit\u00f6rl\u00fc\u011f\u00fc alan\u0131 belirli bir kurum ya da firma b\u00fcnyesinde yap\u0131lmakta olan \u00e7al\u0131\u015fmalar\u0131n ya da \u00fcretilmekte olan i\u00e7eriklerin sosyal medya kanallar\u0131 ile m\u00fc\u015fterilere ula\u015ft\u0131r\u0131lmas\u0131n\u0131 sa\u011flamaktad\u0131r. Sosyal Medya Edit\u00f6rl\u00fc\u011f\u00fc her sekt\u00f6rde bulunmakta olan bir alan olarak \u00f6nemli bir meslek grubu haline gelmi\u015ftir. Sosyal Medya Edit\u00f6rl\u00fc\u011f\u00fc yapacak ki\u015filerin de bu nedenle \u015firket [&hellip;]<\/p>\n","protected":false},"author":3,"featured_media":1071,"comment_status":"closed","ping_status":"closed","sticky":false,"template":"","format":"standard","meta":{"footnotes":""},"categories":[32],"tags":[224,223,222],"class_list":["post-11629","post","type-post","status-publish","format-standard","has-post-thumbnail","category-sosyal-medya","tag-editorluk","tag-medya","tag-sosyal"],"_links":{"self":[{"href":"https:\/\/sh.com.tr\/blog\/wp-json\/wp\/v2\/posts\/11629","targetHints":{"allow":["GET"]}}],"collection":[{"href":"https:\/\/sh.com.tr\/blog\/wp-json\/wp\/v2\/posts"}],"about":[{"href":"https:\/\/sh.com.tr\/blog\/wp-json\/wp\/v2\/types\/post"}],"author":[{"embeddable":true,"href":"https:\/\/sh.com.tr\/blog\/wp-json\/wp\/v2\/users\/3"}],"replies":[{"embeddable":true,"href":"https:\/\/sh.com.tr\/blog\/wp-json\/wp\/v2\/comments?post=11629"}],"version-history":[{"count":0,"href":"https:\/\/sh.com.tr\/blog\/wp-json\/wp\/v2\/posts\/11629\/revisions"}],"wp:featuredmedia":[{"embeddable":true,"href":"https:\/\/sh.com.tr\/blog\/wp-json\/wp\/v2\/media\/1071"}],"wp:attachment":[{"href":"https:\/\/sh.com.tr\/blog\/wp-json\/wp\/v2\/media?parent=11629"}],"wp:term":[{"taxonomy":"category","embeddable":true,"href":"https:\/\/sh.com.tr\/blog\/wp-json\/wp\/v2\/categories?post=11629"},{"taxonomy":"post_tag","embeddable":true,"href":"https:\/\/sh.com.tr\/blog\/wp-json\/wp\/v2\/tags?post=11629"}],"curies":[{"name":"wp","href":"https:\/\/api.w.org\/{rel}","templated":true}]}}