{"id":15113,"date":"2024-01-19T09:00:33","date_gmt":"2024-01-19T06:00:33","guid":{"rendered":"https:\/\/blog.sh.com.tr\/?p=15113"},"modified":"2024-01-12T16:08:17","modified_gmt":"2024-01-12T13:08:17","slug":"avrupanin-dijital-yasam-kalitesi-endeksinde-liderlik-etmesi","status":"publish","type":"post","link":"https:\/\/sh.com.tr\/blog\/avrupanin-dijital-yasam-kalitesi-endeksinde-liderlik-etmesi\/","title":{"rendered":"Avrupa&#8217;n\u0131n Dijital Ya\u015fam Kalitesi Endeksi&#8217;nde Liderlik Etmesi"},"content":{"rendered":"<h3><strong>Avrupa&#8217;n\u0131n Dijital Ya\u015fam Kalitesi Endeksi&#8217;nde Liderlik Etmesinin Arkas\u0131ndaki S\u0131rlar<\/strong><\/h3>\n<p>G\u00fcn\u00fcm\u00fczde dijitalle\u015fme, hem bireylerin hem de toplumlar\u0131n ya\u015fam kalitesi \u00fczerinde \u00f6nemli bir etkiye sahiptir. Bu ba\u011flamda, Dijital Ya\u015fam Kalitesi Endeksi (Digital Quality of Life Index &#8211; DQLI), \u00fclkelerin internet kalitesi, dijital hizmetlere eri\u015fim, veri korumas\u0131 ve di\u011fer dijital ya\u015fam alanlar\u0131ndaki performans\u0131n\u0131 de\u011ferlendirir. Son y\u0131llarda Avrupa \u00fclkeleri, bu endekste dikkat \u00e7ekici bir liderlik sergilemekte ve dijital ya\u015fam kalitesinde d\u00fcnya genelinde \u00f6nc\u00fc bir rol \u00fcstlenmektedir.<\/p>\n<h4><strong>Dijital Altyap\u0131 ve Eri\u015fim Kalitesi<\/strong><\/h4>\n<p>Avrupa&#8217;n\u0131n liderli\u011finin temelinde, geni\u015f bant internet eri\u015fimi ve y\u00fcksek h\u0131zl\u0131 mobil a\u011flar\u0131n yayg\u0131nl\u0131\u011f\u0131 yatmaktad\u0131r. Avrupa&#8217;daki bir\u00e7ok \u00fclke, d\u00fcnya standartlar\u0131n\u0131n \u00fczerinde internet h\u0131zlar\u0131 ve kararl\u0131 a\u011f ba\u011flant\u0131lar\u0131 sunar. Bu durum, hem bireysel kullan\u0131c\u0131lar i\u00e7in hem de i\u015f d\u00fcnyas\u0131 i\u00e7in \u00f6nemli avantajlar sa\u011flamaktad\u0131r.<\/p>\n<ul>\n<li><strong>Y\u00fcksek H\u0131zl\u0131 \u0130nternet Ba\u011flant\u0131lar\u0131<\/strong>: Avrupa&#8217;da internet h\u0131zlar\u0131, k\u00fcresel ortalamalar\u0131n \u00fczerindedir. \u00d6zellikle Kuzey Avrupa \u00fclkelerinde evlerin ve i\u015f yerlerinin b\u00fcy\u00fck bir \u00e7o\u011funlu\u011fu y\u00fcksek h\u0131zl\u0131 internete eri\u015febilmektedir.<\/li>\n<li><strong>Geni\u015f Bant Eri\u015fimi<\/strong>: K\u0131rsal ve \u015fehir d\u0131\u015f\u0131 b\u00f6lgeler dahil olmak \u00fczere geni\u015f bir alana yay\u0131lan geni\u015f bant eri\u015fimi, dijital e\u015fitli\u011fi ve kapsay\u0131c\u0131l\u0131\u011f\u0131 desteklemektedir.<\/li>\n<\/ul>\n<h4><strong>Dijital Okuryazarl\u0131k ve E\u011fitim<\/strong><\/h4>\n<p>Avrupa, dijital okuryazarl\u0131k ve e\u011fitim alan\u0131nda da \u00f6nc\u00fcd\u00fcr. \u00c7e\u015fitli e\u011fitim programlar\u0131 ve kampanyalarla dijital becerilerin art\u0131r\u0131lmas\u0131, bireylerin dijital d\u00fcnyada daha bilin\u00e7li ve etkin bir \u015fekilde yer almalar\u0131n\u0131 sa\u011flamaktad\u0131r. Bu durum, dijital ekonomide i\u015f g\u00fcc\u00fc kalitesini ve rekabet\u00e7ili\u011fi art\u0131rmaktad\u0131r.<\/p>\n<ul>\n<li><strong>E\u011fitim Sistemlerinde Dijital Entegrasyon<\/strong>: Okullarda bilgisayar ve internet kullan\u0131m\u0131, dijital becerilerin erken ya\u015fta kazand\u0131r\u0131lmas\u0131n\u0131 sa\u011flamaktad\u0131r. Ayr\u0131ca, yeti\u015fkin e\u011fitiminde de dijital becerilerin geli\u015ftirilmesine y\u00f6nelik programlar bulunmaktad\u0131r.<\/li>\n<li><strong>Toplum Genelinde Dijital Okuryazarl\u0131k<\/strong>: Dijital okuryazarl\u0131k seviyesi, i\u015f g\u00fcc\u00fcn\u00fcn dijital ekonomiye adaptasyonunu kolayla\u015ft\u0131rmakta ve bireylerin dijital ortamlardaki etkinli\u011fini art\u0131rmaktad\u0131r.<\/li>\n<\/ul>\n<h4><strong>G\u00fc\u00e7l\u00fc Veri Koruma Yasalar\u0131<\/strong><\/h4>\n<p>Avrupa Birli\u011fi, d\u00fcnyan\u0131n en kat\u0131 veri koruma yasalar\u0131ndan baz\u0131lar\u0131n\u0131 uygulamaktad\u0131r. Genel Veri Koruma Y\u00f6netmeli\u011fi (GDPR), bireylerin ki\u015fisel verilerinin korunmas\u0131n\u0131 g\u00fc\u00e7lendirmekte ve dijital g\u00fcvenli\u011fi art\u0131rmaktad\u0131r. Bu durum, t\u00fcketicilerin dijital ortamlarda kendilerini daha g\u00fcvende hissetmelerini sa\u011flamakta ve dijital hizmetlere olan g\u00fcveni art\u0131rmaktad\u0131r.<\/p>\n<ul>\n<li><strong>GDPR<\/strong>: Genel Veri Koruma Y\u00f6netmeli\u011fi (GDPR), bireylerin ki\u015fisel verilerinin korunmas\u0131nda d\u00fcnya \u00e7ap\u0131nda bir standart olu\u015fturmu\u015ftur. Bu, t\u00fcketicilerin dijital ortamlarda daha g\u00fcvende hissetmelerini sa\u011flam\u0131\u015ft\u0131r.<\/li>\n<li><strong>Veri Koruma Fark\u0131ndal\u0131\u011f\u0131<\/strong>: Avrupa vatanda\u015flar\u0131, ki\u015fisel verilerinin korunmas\u0131na b\u00fcy\u00fck \u00f6nem vermektedir. Bu bilin\u00e7, i\u015fletmelerin ve hizmet sa\u011flay\u0131c\u0131lar\u0131n veri koruma standartlar\u0131n\u0131 y\u00fckseltmesine neden olmu\u015ftur.<\/li>\n<\/ul>\n<p><a href=\"https:\/\/sh.com.tr\/hosting\"><img loading=\"lazy\" decoding=\"async\" class=\"alignnone wp-image-15116\" src=\"https:\/\/sh.com.tr\/blog\/wp-content\/uploads\/Avrupanin-Dijital-Yasam-Kalitesi-Endeksinde-Liderlik-Etmesi-1.png\" alt=\"\" width=\"484\" height=\"487\" srcset=\"https:\/\/sh.com.tr\/blog\/wp-content\/uploads\/Avrupanin-Dijital-Yasam-Kalitesi-Endeksinde-Liderlik-Etmesi-1.png 484w, https:\/\/sh.com.tr\/blog\/wp-content\/uploads\/Avrupanin-Dijital-Yasam-Kalitesi-Endeksinde-Liderlik-Etmesi-1-298x300.png 298w, https:\/\/sh.com.tr\/blog\/wp-content\/uploads\/Avrupanin-Dijital-Yasam-Kalitesi-Endeksinde-Liderlik-Etmesi-1-150x150.png 150w, https:\/\/sh.com.tr\/blog\/wp-content\/uploads\/Avrupanin-Dijital-Yasam-Kalitesi-Endeksinde-Liderlik-Etmesi-1-417x420.png 417w\" sizes=\"auto, (max-width: 484px) 100vw, 484px\" \/><\/a><\/p>\n<h4><strong>Yenilik\u00e7i Dijital Hizmetler ve Start-up Ekosistemi<\/strong><\/h4>\n<p>Avrupa, yenilik\u00e7i dijital hizmetler ve g\u00fc\u00e7l\u00fc bir start-up ekosistemi ile de \u00f6ne \u00e7\u0131kmaktad\u0131r. Bir\u00e7ok Avrupa \u00fclkesi, giri\u015fimcilik ve yenilik\u00e7ilik alan\u0131nda destekleyici politikalar uygulayarak dijital inovasyonu te\u015fvik etmektedir. Bu ortam, yeni teknolojilerin ve dijital hizmetlerin geli\u015fimine zemin haz\u0131rlamaktad\u0131r.<\/p>\n<ul>\n<li><strong>Start-up ve Teknoloji Ekosistemleri<\/strong>: Berlin, Londra, Paris ve Stockholm gibi \u015fehirler, g\u00fc\u00e7l\u00fc start-up ekosistemleri ile bilinir. Bu \u015fehirlerdeki yenilik\u00e7i \u015firketler, dijital hizmetlerin geli\u015fimine \u00f6nc\u00fcl\u00fck etmektedir.<\/li>\n<li><strong>Ara\u015ft\u0131rma ve Geli\u015ftirmeye Yat\u0131r\u0131m<\/strong>: Avrupa \u00fclkeleri, ara\u015ft\u0131rma ve geli\u015ftirme faaliyetlerine \u00f6nemli miktarda yat\u0131r\u0131m yapmaktad\u0131r. Bu durum, teknolojik yeniliklerin s\u00fcrekli olarak geli\u015ftirilmesini sa\u011flamaktad\u0131r.<\/li>\n<\/ul>\n<h4><strong>Sosyal Refah ve Dijital Entegrasyon<\/strong><\/h4>\n<p>Avrupa&#8217;da dijital ya\u015fam kalitesi, sosyal refah politikalar\u0131 ve dijital entegrasyon \u00e7abalar\u0131yla da desteklenmektedir. Dijital hizmetler, kamu hizmetlerinin verimlili\u011fini art\u0131r\u0131rken, e-h\u00fck\u00fcmet uygulamalar\u0131 vatanda\u015flar\u0131n hayatlar\u0131n\u0131 kolayla\u015ft\u0131rmaktad\u0131r. Ayr\u0131ca, dijital e\u015fitsizliklerin azalt\u0131lmas\u0131 i\u00e7in yap\u0131lan yat\u0131r\u0131mlar, toplumun daha geni\u015f kesimlerinin dijital avantajlardan faydalanmas\u0131n\u0131 sa\u011flamaktad\u0131r.<\/p>\n<ul>\n<li><strong>E-H\u00fck\u00fcmet Uygulamalar\u0131<\/strong>: Bir\u00e7ok Avrupa \u00fclkesi, vatanda\u015flara y\u00f6nelik hizmetleri dijitalle\u015ftirmekte \u00f6nc\u00fcd\u00fcr. Bu uygulamalar, kamu hizmetlerinin daha verimli ve eri\u015filebilir olmas\u0131n\u0131 sa\u011flamaktad\u0131r.<\/li>\n<li><strong>Dijital E\u015fitsizlikle M\u00fccadele<\/strong>: Dijital e\u015fitsizli\u011fi azaltmak i\u00e7in yap\u0131lan yat\u0131r\u0131mlar, toplumun geni\u015f kesimlerinin teknolojiye eri\u015fimini m\u00fcmk\u00fcn k\u0131lmakta ve b\u00f6ylece dijital ayr\u0131mc\u0131l\u0131\u011f\u0131 azaltmaktad\u0131r.<\/li>\n<\/ul>\n<p>Avrupa&#8217;n\u0131n Dijital Ya\u015fam Kalitesi Endeksi&#8217;nde liderlik etmesi, geli\u015fmi\u015f dijital altyap\u0131, y\u00fcksek d\u00fczeyde dijital okuryazarl\u0131k, g\u00fc\u00e7l\u00fc veri koruma yasalar\u0131, yenilik\u00e7i dijital hizmetler ve sosyal refah politikalar\u0131n\u0131n birle\u015fimiyle m\u00fcmk\u00fcn olmu\u015ftur. Bu ba\u015far\u0131, di\u011fer d\u00fcnya b\u00f6lgeleri i\u00e7in bir model te\u015fkil ederken, Avrupa&#8217;n\u0131n dijital gelece\u011fe y\u00f6nelik yol haritas\u0131n\u0131 da belirlemektedir. K\u0131talara ve \u00fclkelere ilham veren bir model olu\u015fturmakta ve dijital d\u00f6n\u00fc\u015f\u00fcm\u00fcn gelece\u011fine y\u00f6n vermektedir.<\/p>\n<h4><strong> Ekonomik ve Toplumsal Etkileri<\/strong><\/h4>\n<p>Avrupa&#8217;n\u0131n dijital altyap\u0131s\u0131 ve politikalar\u0131, ekonomik b\u00fcy\u00fcme ve toplumsal refah \u00fczerinde do\u011frudan etkilere sahiptir. Geli\u015fmi\u015f dijital altyap\u0131, i\u015fletmelerin verimlili\u011fini ve k\u00fcresel rekabet g\u00fcc\u00fcn\u00fc art\u0131r\u0131rken, dijital e\u011fitim ve okuryazarl\u0131k, i\u015f g\u00fcc\u00fc piyasas\u0131n\u0131n ihtiya\u00e7lar\u0131na uygun yeteneklerin geli\u015fimini desteklemektedir. Ayr\u0131ca, g\u00fc\u00e7l\u00fc veri koruma politikalar\u0131, t\u00fcketicilerin dijital hizmetlere olan g\u00fcvenini art\u0131rarak, dijital ekonomiyi daha da g\u00fc\u00e7lendirmektedir.<\/p>\n<h4><strong>Dijitalle\u015fmenin \u00c7evresel S\u00fcrd\u00fcr\u00fclebilirli\u011fe Katk\u0131lar\u0131<\/strong><\/h4>\n<p>Avrupa, dijitalle\u015fmenin \u00e7evresel s\u00fcrd\u00fcr\u00fclebilirlik \u00fczerindeki olumlu etkilerini de g\u00f6z \u00f6n\u00fcnde bulundurmaktad\u0131r. Enerji verimli dijital teknolojiler, ak\u0131ll\u0131 \u015fehir uygulamalar\u0131 ve s\u00fcrd\u00fcr\u00fclebilir \u00fcretim y\u00f6ntemleri, karbon ayak izinin azalt\u0131lmas\u0131na yard\u0131mc\u0131 olmaktad\u0131r. Ayr\u0131ca, dijital teknolojiler sayesinde ka\u011f\u0131t kullan\u0131m\u0131n\u0131n azalmas\u0131 ve uzaktan \u00e7al\u0131\u015fma modellerinin yayg\u0131nla\u015fmas\u0131, \u00e7evresel etkiyi daha da azaltmaktad\u0131r.<\/p>\n<h4><strong>Gelece\u011fe Y\u00f6nelik Dijital Trendler ve Beklentiler<\/strong><\/h4>\n<p>Avrupa&#8217;n\u0131n dijital gelece\u011fi, yapay zeka, nesnelerin interneti (IoT), b\u00fcy\u00fck veri analiti\u011fi ve 5G gibi teknolojilerin geli\u015fimi ile \u015fekillenecektir. Bu teknolojiler, daha ak\u0131ll\u0131 ve etkile\u015fimli dijital hizmetlerin yarat\u0131lmas\u0131na olanak tan\u0131rken, veri g\u00fcvenli\u011fi ve gizlili\u011fine y\u00f6nelik yeni zorluklar\u0131 da beraberinde getirecektir. Avrupa&#8217;n\u0131n bu alanlardaki inovasyon ve d\u00fczenleyici \u00e7er\u00e7eveleri, dijital ya\u015fam kalitesinin gelecekteki y\u00f6n\u00fcn\u00fc belirleyecek temel unsurlard\u0131r.<\/p>\n<p>Avrupa&#8217;n\u0131n Dijital Ya\u015fam Kalitesi Endeksi&#8217;ndeki liderli\u011fi, sadece mevcut teknolojik ve d\u00fczenleyici ba\u015far\u0131lar\u0131na de\u011fil, ayn\u0131 zamanda ekonomik b\u00fcy\u00fcme, toplumsal refah, \u00e7evresel s\u00fcrd\u00fcr\u00fclebilirlik ve gelece\u011fe y\u00f6nelik inovasyon beklentilerine de dayanmaktad\u0131r. Bu \u00e7ok y\u00f6nl\u00fc yakla\u015f\u0131m, Avrupa&#8217;n\u0131n dijital d\u00f6n\u00fc\u015f\u00fcmde s\u00fcrekli bir lider olarak kalmas\u0131n\u0131 sa\u011flamakta ve di\u011fer k\u0131talara ilham vermektedir.<\/p>\n","protected":false},"excerpt":{"rendered":"<p>Avrupa&#8217;n\u0131n Dijital Ya\u015fam Kalitesi Endeksi&#8217;nde Liderlik Etmesinin Arkas\u0131ndaki S\u0131rlar G\u00fcn\u00fcm\u00fczde dijitalle\u015fme, hem bireylerin hem de toplumlar\u0131n ya\u015fam kalitesi \u00fczerinde \u00f6nemli bir etkiye sahiptir. Bu ba\u011flamda, Dijital Ya\u015fam Kalitesi Endeksi (Digital Quality of Life Index &#8211; DQLI), \u00fclkelerin internet kalitesi, dijital hizmetlere eri\u015fim, veri korumas\u0131 ve di\u011fer dijital ya\u015fam alanlar\u0131ndaki performans\u0131n\u0131 de\u011ferlendirir. Son y\u0131llarda Avrupa \u00fclkeleri, [&hellip;]<\/p>\n","protected":false},"author":7,"featured_media":15114,"comment_status":"closed","ping_status":"closed","sticky":false,"template":"","format":"standard","meta":{"footnotes":""},"categories":[30,6],"tags":[793,791,790,792],"class_list":["post-15113","post","type-post","status-publish","format-standard","has-post-thumbnail","category-bilgi-bankasi","category-hosting","tag-dijital-cevre-surdurulebilirlik","tag-dijital-inovasyon-avrupa","tag-dijital-yasam-kalitesi","tag-teknolojide-avrupa"],"_links":{"self":[{"href":"https:\/\/sh.com.tr\/blog\/wp-json\/wp\/v2\/posts\/15113","targetHints":{"allow":["GET"]}}],"collection":[{"href":"https:\/\/sh.com.tr\/blog\/wp-json\/wp\/v2\/posts"}],"about":[{"href":"https:\/\/sh.com.tr\/blog\/wp-json\/wp\/v2\/types\/post"}],"author":[{"embeddable":true,"href":"https:\/\/sh.com.tr\/blog\/wp-json\/wp\/v2\/users\/7"}],"replies":[{"embeddable":true,"href":"https:\/\/sh.com.tr\/blog\/wp-json\/wp\/v2\/comments?post=15113"}],"version-history":[{"count":0,"href":"https:\/\/sh.com.tr\/blog\/wp-json\/wp\/v2\/posts\/15113\/revisions"}],"wp:featuredmedia":[{"embeddable":true,"href":"https:\/\/sh.com.tr\/blog\/wp-json\/wp\/v2\/media\/15114"}],"wp:attachment":[{"href":"https:\/\/sh.com.tr\/blog\/wp-json\/wp\/v2\/media?parent=15113"}],"wp:term":[{"taxonomy":"category","embeddable":true,"href":"https:\/\/sh.com.tr\/blog\/wp-json\/wp\/v2\/categories?post=15113"},{"taxonomy":"post_tag","embeddable":true,"href":"https:\/\/sh.com.tr\/blog\/wp-json\/wp\/v2\/tags?post=15113"}],"curies":[{"name":"wp","href":"https:\/\/api.w.org\/{rel}","templated":true}]}}