{"id":17230,"date":"2026-01-05T08:30:00","date_gmt":"2026-01-05T05:30:00","guid":{"rendered":"https:\/\/blog.sh.com.tr\/?p=17230"},"modified":"2026-01-05T09:24:53","modified_gmt":"2026-01-05T06:24:53","slug":"2026da-sosyal-medya-guvenligi-veri-koruma-ve-seffaflik","status":"publish","type":"post","link":"https:\/\/sh.com.tr\/blog\/2026da-sosyal-medya-guvenligi-veri-koruma-ve-seffaflik\/","title":{"rendered":"2026\u2019da Sosyal Medya G\u00fcvenli\u011fi: Veri Koruma ve \u015eeffafl\u0131k"},"content":{"rendered":"<h2 style=\"text-align: justify;\" data-start=\"62\" data-end=\"96\"><strong>Dijital \u00c7a\u011f\u0131n K\u0131r\u0131lma Noktas\u0131<\/strong><\/h2>\n<p style=\"text-align: justify;\" data-start=\"98\" data-end=\"694\">2026 y\u0131l\u0131, <strong data-start=\"109\" data-end=\"135\">sosyal medya g\u00fcvenli\u011fi<\/strong> a\u00e7\u0131s\u0131ndan kritik bir d\u00f6neme i\u015faret etmektedir. Kullan\u0131c\u0131lar\u0131n g\u00fcnl\u00fck ya\u015famlar\u0131n\u0131n b\u00fcy\u00fck bir b\u00f6l\u00fcm\u00fcn\u00fc sosyal a\u011flarda ge\u00e7irmesi, beraberinde ciddi <strong data-start=\"281\" data-end=\"296\">veri koruma<\/strong> ve <strong data-start=\"300\" data-end=\"313\">\u015feffafl\u0131k<\/strong> beklentilerini getirmi\u015ftir. Art\u0131k sadece ileti\u015fim veya e\u011flence platformlar\u0131 olmayan sosyal medya a\u011flar\u0131, kullan\u0131c\u0131lar\u0131n kimlik bilgilerinden finansal verilerine, sa\u011fl\u0131k kay\u0131tlar\u0131ndan ki\u015fisel tercihlerine kadar geni\u015f bir veri yelpazesini toplamaktad\u0131r. Bu durum, i\u015fletmelerin ve platformlar\u0131n sorumluluklar\u0131n\u0131 art\u0131rmakta, ayn\u0131 zamanda yeni reg\u00fclasyonlar\u0131 da g\u00fcndeme ta\u015f\u0131maktad\u0131r.<\/p>\n<h2 style=\"text-align: justify;\" data-start=\"701\" data-end=\"744\"><strong>Sosyal Medyada Veri Koruma Dinamikleri<\/strong><\/h2>\n<h3 style=\"text-align: justify;\" data-start=\"746\" data-end=\"789\"><strong>Kullan\u0131c\u0131 Verilerinin Stratejik \u00d6nemi<\/strong><\/h3>\n<p style=\"text-align: justify;\" data-start=\"790\" data-end=\"1161\">Sosyal medya platformlar\u0131n\u0131n i\u015f modeli, b\u00fcy\u00fck \u00f6l\u00e7\u00fcde kullan\u0131c\u0131 verilerinin analizine dayanmaktad\u0131r. <strong data-start=\"890\" data-end=\"924\">Ki\u015fiselle\u015ftirilmi\u015f reklamc\u0131l\u0131k<\/strong>, <strong data-start=\"926\" data-end=\"948\">davran\u0131\u015fsal analiz<\/strong> ve <strong data-start=\"952\" data-end=\"975\">\u00f6ng\u00f6r\u00fcsel pazarlama<\/strong> gibi stratejiler, do\u011frudan bu verilere ba\u011fl\u0131d\u0131r. Ancak 2026\u2019da kullan\u0131c\u0131lar, hangi verilerinin topland\u0131\u011f\u0131n\u0131, nas\u0131l i\u015flendi\u011fini ve kimlerle payla\u015f\u0131ld\u0131\u011f\u0131n\u0131 daha net g\u00f6rmek istemektedir.<\/p>\n<h3 style=\"text-align: justify;\" data-start=\"1163\" data-end=\"1203\"><strong>\u015eifreleme ve G\u00fcvenlik Protokolleri<\/strong><\/h3>\n<p style=\"text-align: justify;\" data-start=\"1204\" data-end=\"1503\">Geli\u015fmi\u015f <strong data-start=\"1213\" data-end=\"1236\">u\u00e7tan uca \u015fifreleme<\/strong> y\u00f6ntemleri art\u0131k sadece mesajla\u015fma uygulamalar\u0131yla s\u0131n\u0131rl\u0131 de\u011fildir. Sosyal medya platformlar\u0131, payla\u015f\u0131lan g\u00f6rsellerden canl\u0131 yay\u0131nlara kadar t\u00fcm i\u00e7erikleri g\u00fcvenlik protokolleriyle korumaktad\u0131r. Bu sayede kullan\u0131c\u0131lar\u0131n gizlili\u011fi daha \u00fcst seviyede sa\u011flanmaktad\u0131r.<\/p>\n<h3 style=\"text-align: justify;\" data-start=\"1505\" data-end=\"1536\"><strong>Veri \u0130hlalleri ve Riskler<\/strong><\/h3>\n<p style=\"text-align: justify;\" data-start=\"1537\" data-end=\"1893\">Ne kadar geli\u015fmi\u015f g\u00fcvenlik \u00f6nlemleri al\u0131nsa da <strong data-start=\"1584\" data-end=\"1602\">veri ihlalleri<\/strong> h\u00e2l\u00e2 sosyal medyan\u0131n en b\u00fcy\u00fck tehditlerinden biridir. 2026 itibar\u0131yla, yapay zek\u00e2 destekli sald\u0131r\u0131lar ve deepfake tabanl\u0131 doland\u0131r\u0131c\u0131l\u0131klar kullan\u0131c\u0131 g\u00fcvenli\u011fini zorlamaktad\u0131r. Bu nedenle, platformlar\u0131n s\u00fcrekli g\u00fcncellenen g\u00fcvenlik altyap\u0131lar\u0131na yat\u0131r\u0131m yapmas\u0131 ka\u00e7\u0131n\u0131lmaz hale gelmi\u015ftir.<\/p>\n<h2 style=\"text-align: justify;\" data-start=\"1900\" data-end=\"1934\"><strong>\u015eeffafl\u0131k: G\u00fcvenin Temel Ta\u015f\u0131<\/strong><\/h2>\n<h3 style=\"text-align: justify;\" data-start=\"1936\" data-end=\"1964\"><strong>A\u00e7\u0131k Veri Politikalar\u0131<\/strong><\/h3>\n<p style=\"text-align: justify;\" data-start=\"1965\" data-end=\"2287\">2026\u2019da <strong data-start=\"1973\" data-end=\"1986\">\u015feffafl\u0131k<\/strong>, kullan\u0131c\u0131 g\u00fcveninin en kritik unsuru haline gelmi\u015ftir. Platformlar art\u0131k gizli ve uzun \u201ckullan\u0131c\u0131 s\u00f6zle\u015fmeleri\u201d yerine, basit ve anla\u015f\u0131l\u0131r <strong data-start=\"2127\" data-end=\"2153\">a\u00e7\u0131k veri politikalar\u0131<\/strong> sunmaktad\u0131r. Bu politikalar, hangi verilerin topland\u0131\u011f\u0131n\u0131 ve nas\u0131l de\u011ferlendirildi\u011fini g\u00f6rsel panolarla kullan\u0131c\u0131ya a\u00e7\u0131klamaktad\u0131r.<\/p>\n<h3 style=\"text-align: justify;\" data-start=\"2289\" data-end=\"2313\"><strong>Kullan\u0131c\u0131 Kontrol\u00fc<\/strong><\/h3>\n<p style=\"text-align: justify;\" data-start=\"2314\" data-end=\"2618\">Art\u0131k kullan\u0131c\u0131lar, sosyal medya hesaplar\u0131nda daha fazla kontrol sahibidir. \u201cVeri kontrol panelleri\u201d sayesinde hangi verilerin reklamc\u0131larla payla\u015f\u0131ld\u0131\u011f\u0131, hangi \u00fc\u00e7\u00fcnc\u00fc taraf uygulamalar\u0131n eri\u015fim izni oldu\u011fu a\u00e7\u0131k\u00e7a g\u00f6r\u00fclebilmektedir. B\u00f6ylece kullan\u0131c\u0131lar kendi verilerinin y\u00f6neticisi haline gelmektedir.<\/p>\n<h3 style=\"text-align: justify;\" data-start=\"2620\" data-end=\"2644\"><strong>Etik ve Reg\u00fclasyon<\/strong><\/h3>\n<p style=\"text-align: justify;\" data-start=\"2645\" data-end=\"2991\">2026\u2019da sosyal medya \u015firketleri yaln\u0131zca teknik de\u011fil, ayn\u0131 zamanda etik sorumluluklar da ta\u015f\u0131maktad\u0131r. Avrupa Birli\u011fi\u2019nin <strong data-start=\"2768\" data-end=\"2802\">Dijital Hizmetler Yasas\u0131 (DSA)<\/strong> ve benzeri d\u00fczenlemeler, \u015feffafl\u0131\u011f\u0131 yasal bir zorunluluk haline getirmi\u015ftir. Bu \u00e7er\u00e7evede platformlar, kullan\u0131c\u0131ya yaln\u0131zca g\u00fcvenlik de\u011fil ayn\u0131 zamanda hesap verebilirlik de sunmaktad\u0131r.<\/p>\n<h2 style=\"text-align: justify;\" data-start=\"2998\" data-end=\"3041\"><strong>\u0130\u015fletmeler ve Markalar \u0130\u00e7in Yeni D\u00f6nem<\/strong><\/h2>\n<h3 style=\"text-align: justify;\" data-start=\"3043\" data-end=\"3071\"><strong>G\u00fcven Odakl\u0131 Pazarlama<\/strong><\/h3>\n<p style=\"text-align: justify;\" data-start=\"3072\" data-end=\"3367\">Kullan\u0131c\u0131lar i\u00e7in art\u0131k en de\u011ferli unsur g\u00fcven olmu\u015ftur. <strong data-start=\"3129\" data-end=\"3146\">Marka itibar\u0131<\/strong>, yaln\u0131zca \u00fcr\u00fcn veya hizmet kalitesiyle de\u011fil, ayn\u0131 zamanda \u015feffaf veri politikalar\u0131yla da \u00f6l\u00e7\u00fclmektedir. Bu nedenle i\u015fletmeler, sosyal medya kampanyalar\u0131nda veri g\u00fcvenli\u011fini \u00f6ne \u00e7\u0131karan mesajlar kullanmaya ba\u015flam\u0131\u015ft\u0131r.<\/p>\n<h3 style=\"text-align: justify;\" data-start=\"3369\" data-end=\"3404\"><strong>Veri Minimizasyonu Stratejisi<\/strong><\/h3>\n<p style=\"text-align: justify;\" data-start=\"3405\" data-end=\"3721\">\u0130\u015fletmeler, \u201cne kadar \u00e7ok veri toplarsam o kadar faydal\u0131\u201d anlay\u0131\u015f\u0131n\u0131 geride b\u0131rakmaktad\u0131r. Bunun yerine, sadece gerekli ve kullan\u0131c\u0131 izniyle al\u0131nan verilerin i\u015flendi\u011fi <strong data-start=\"3573\" data-end=\"3595\">veri minimizasyonu<\/strong> yakla\u015f\u0131m\u0131 \u00f6ne \u00e7\u0131kmaktad\u0131r. Bu durum, markalar\u0131n uzun vadede daha s\u00fcrd\u00fcr\u00fclebilir bir g\u00fcven ili\u015fkisi kurmas\u0131n\u0131 sa\u011flamaktad\u0131r.<\/p>\n<h3 style=\"text-align: justify;\" data-start=\"3723\" data-end=\"3759\"><strong>Sosyal Medya ve SaaS G\u00fcvenli\u011fi<\/strong><\/h3>\n<p style=\"text-align: justify;\" data-start=\"3760\" data-end=\"4008\">2026\u2019da SaaS tabanl\u0131 sosyal medya y\u00f6netim ara\u00e7lar\u0131 da g\u00fcvenlik odakl\u0131 yeniden tasarlanmaktad\u0131r. \u00d6zellikle \u00e7ok kanall\u0131 kampanya y\u00f6netimi yapan yaz\u0131l\u0131mlar, art\u0131k <strong data-start=\"3920\" data-end=\"3946\">g\u00fcvenlik sertifikalar\u0131<\/strong> ve <strong data-start=\"3950\" data-end=\"3982\">\u015feffaf veri izleme raporlar\u0131<\/strong> ile hizmet sunmaktad\u0131r.<\/p>\n<h2 style=\"text-align: justify;\" data-start=\"4015\" data-end=\"4050\"><strong>Yapay Zek\u00e2 ve G\u00fcvenlik Dengesi<\/strong><\/h2>\n<p style=\"text-align: justify;\" data-start=\"4052\" data-end=\"4338\">2026\u2019da yapay zek\u00e2, hem tehdit hem de \u00e7\u00f6z\u00fcm olarak \u00f6ne \u00e7\u0131kmaktad\u0131r. Bir yandan sald\u0131rganlar yapay zek\u00e2 destekli <strong data-start=\"4164\" data-end=\"4186\">sosyal m\u00fchendislik<\/strong> y\u00f6ntemleriyle kullan\u0131c\u0131lar\u0131 hedef al\u0131rken, di\u011fer yandan g\u00fcvenlik \u015firketleri de ayn\u0131 teknolojiyi sald\u0131r\u0131lar\u0131 \u00f6nceden tahmin etmek i\u00e7in kullanmaktad\u0131r.<\/p>\n<p style=\"text-align: justify;\" data-start=\"4340\" data-end=\"4549\">\u00d6rne\u011fin, yapay zek\u00e2 tabanl\u0131 analiz ara\u00e7lar\u0131 sahte hesaplar\u0131 daha h\u0131zl\u0131 tespit edebilmekte, bot a\u011flar\u0131n\u0131 engelleyebilmekte ve kullan\u0131c\u0131lar\u0131n \u015f\u00fcpheli davran\u0131\u015flar\u0131n\u0131 otomatik filtrelerle kontrol edebilmektedir.<\/p>\n<h2 style=\"text-align: justify;\" data-start=\"4556\" data-end=\"4584\"><strong>Gelece\u011fe Dair \u00d6ng\u00f6r\u00fcler<\/strong><\/h2>\n<p style=\"text-align: justify;\" data-start=\"4586\" data-end=\"4652\">2026 sonras\u0131 i\u00e7in uzmanlar \u00fc\u00e7 kritik noktaya dikkat \u00e7ekmektedir:<\/p>\n<p style=\"text-align: justify;\" data-start=\"4657\" data-end=\"4770\"><strong data-start=\"4657\" data-end=\"4675\">\u2192 Tam \u015eeffafl\u0131k:<\/strong> Kullan\u0131c\u0131lar\u0131n t\u00fcm veri hareketlerini anl\u0131k olarak izleyebilece\u011fi paneller yayg\u0131nla\u015facakt\u0131r.<\/p>\n<p style=\"text-align: justify;\" data-start=\"4774\" data-end=\"4921\"><strong data-start=\"4774\" data-end=\"4799\">\u2192 Kullan\u0131c\u0131 Egemenli\u011fi:<\/strong> Verinin m\u00fclkiyeti tamamen kullan\u0131c\u0131ya ait olacak ve platformlar yaln\u0131zca izin verilen kullan\u0131m hakk\u0131na sahip olacakt\u0131r.<\/p>\n<p style=\"text-align: justify;\" data-start=\"4925\" data-end=\"5066\"><strong data-start=\"4925\" data-end=\"4949\">\u2192 K\u00fcresel Standartlar:<\/strong> Farkl\u0131 \u00fclkelerdeki veri koruma yasalar\u0131 birle\u015ferek uluslararas\u0131 g\u00fcvenlik standartlar\u0131n\u0131 zorunlu hale getirecektir.<\/p>\n<p style=\"text-align: justify;\" data-start=\"4925\" data-end=\"5066\">Markalar i\u00e7in g\u00fcvenlik ve \u015feffafl\u0131k, sadece yasal bir zorunluluk de\u011fil, ayn\u0131 zamanda <strong data-start=\"4322\" data-end=\"4342\">rekabet avantaj\u0131<\/strong> haline gelecek.<\/p>\n","protected":false},"excerpt":{"rendered":"<p>Dijital \u00c7a\u011f\u0131n K\u0131r\u0131lma Noktas\u0131 2026 y\u0131l\u0131, sosyal medya g\u00fcvenli\u011fi a\u00e7\u0131s\u0131ndan kritik bir d\u00f6neme i\u015faret etmektedir. Kullan\u0131c\u0131lar\u0131n g\u00fcnl\u00fck ya\u015famlar\u0131n\u0131n b\u00fcy\u00fck bir b\u00f6l\u00fcm\u00fcn\u00fc sosyal a\u011flarda ge\u00e7irmesi, beraberinde ciddi veri koruma ve \u015feffafl\u0131k beklentilerini getirmi\u015ftir. Art\u0131k sadece ileti\u015fim veya e\u011flence platformlar\u0131 olmayan sosyal medya a\u011flar\u0131, kullan\u0131c\u0131lar\u0131n kimlik bilgilerinden finansal verilerine, sa\u011fl\u0131k kay\u0131tlar\u0131ndan ki\u015fisel tercihlerine kadar geni\u015f bir veri [&hellip;]<\/p>\n","protected":false},"author":7,"featured_media":17231,"comment_status":"closed","ping_status":"closed","sticky":false,"template":"","format":"standard","meta":{"footnotes":""},"categories":[32],"tags":[2082,2081,2080,807],"class_list":["post-17230","post","type-post","status-publish","format-standard","has-post-thumbnail","category-sosyal-medya","tag-acik-veri-politikalari","tag-kullanici-verileri","tag-sosyal-medya-guvenligi","tag-veri-koruma"],"_links":{"self":[{"href":"https:\/\/sh.com.tr\/blog\/wp-json\/wp\/v2\/posts\/17230","targetHints":{"allow":["GET"]}}],"collection":[{"href":"https:\/\/sh.com.tr\/blog\/wp-json\/wp\/v2\/posts"}],"about":[{"href":"https:\/\/sh.com.tr\/blog\/wp-json\/wp\/v2\/types\/post"}],"author":[{"embeddable":true,"href":"https:\/\/sh.com.tr\/blog\/wp-json\/wp\/v2\/users\/7"}],"replies":[{"embeddable":true,"href":"https:\/\/sh.com.tr\/blog\/wp-json\/wp\/v2\/comments?post=17230"}],"version-history":[{"count":0,"href":"https:\/\/sh.com.tr\/blog\/wp-json\/wp\/v2\/posts\/17230\/revisions"}],"wp:featuredmedia":[{"embeddable":true,"href":"https:\/\/sh.com.tr\/blog\/wp-json\/wp\/v2\/media\/17231"}],"wp:attachment":[{"href":"https:\/\/sh.com.tr\/blog\/wp-json\/wp\/v2\/media?parent=17230"}],"wp:term":[{"taxonomy":"category","embeddable":true,"href":"https:\/\/sh.com.tr\/blog\/wp-json\/wp\/v2\/categories?post=17230"},{"taxonomy":"post_tag","embeddable":true,"href":"https:\/\/sh.com.tr\/blog\/wp-json\/wp\/v2\/tags?post=17230"}],"curies":[{"name":"wp","href":"https:\/\/api.w.org\/{rel}","templated":true}]}}