{"id":17318,"date":"2026-02-08T08:30:22","date_gmt":"2026-02-08T05:30:22","guid":{"rendered":"https:\/\/blog.sh.com.tr\/?p=17318"},"modified":"2026-02-10T11:37:21","modified_gmt":"2026-02-10T08:37:21","slug":"2026da-takip-edilmesi-gereken-instagram-trendleri","status":"publish","type":"post","link":"https:\/\/sh.com.tr\/blog\/2026da-takip-edilmesi-gereken-instagram-trendleri\/","title":{"rendered":"2026\u2019da Takip Edilmesi Gereken Instagram Trendleri"},"content":{"rendered":"<p style=\"text-align: justify;\" data-start=\"57\" data-end=\"634\">Instagram, sosyal medya platformlar\u0131 aras\u0131nda hem bireyler hem de markalar i\u00e7in en g\u00fc\u00e7l\u00fc dijital pazarlama ve etkile\u015fim alan\u0131 olmaya devam ediyor. 2026 y\u0131l\u0131na geldi\u011fimizde, <strong data-start=\"230\" data-end=\"253\">Instagram trendleri<\/strong> yaln\u0131zca g\u00f6rsel payla\u015f\u0131mlar\u0131 de\u011fil; video, ses, yapay zek\u00e2 destekli i\u00e7erikler, art\u0131r\u0131lm\u0131\u015f ger\u00e7eklik deneyimleri ve topluluk odakl\u0131 yeni i\u00e7erik formatlar\u0131n\u0131 da kaps\u0131yor. Bu y\u0131l, kullan\u0131c\u0131lar\u0131n beklentileri daha fazla ki\u015fiselle\u015ftirilmi\u015f, g\u00fcvenilir ve interaktif i\u00e7eriklere y\u00f6neliyor. Bu yaz\u0131da, 2026\u2019da Instagram\u2019da \u00f6ne \u00e7\u0131kan trendleri teknik detaylar ve analizlerle ele alaca\u011f\u0131z.<\/p>\n<h3 style=\"text-align: justify;\" data-start=\"641\" data-end=\"692\"><strong>K\u0131sa Video \u0130\u00e7eriklerinin Devam Eden Hakimiyeti<\/strong><\/h3>\n<p style=\"text-align: justify;\" data-start=\"694\" data-end=\"899\">Son y\u0131llarda \u00f6ne \u00e7\u0131kan <strong data-start=\"717\" data-end=\"734\">Reels format\u0131<\/strong>, 2026\u2019da da Instagram\u2019\u0131n en g\u00fc\u00e7l\u00fc i\u00e7erik t\u00fcr\u00fc olmaya devam edecek. K\u0131sa videolar, kullan\u0131c\u0131lar\u0131n dikkat s\u00fcrelerinin azalmas\u0131yla birlikte daha \u00e7ok tercih ediliyor.<\/p>\n<p style=\"text-align: justify;\" data-start=\"901\" data-end=\"913\">\u00d6zellikle:<\/p>\n<ul style=\"text-align: justify;\" data-start=\"914\" data-end=\"1162\">\n<li data-start=\"914\" data-end=\"986\">\n<p data-start=\"916\" data-end=\"986\"><strong data-start=\"916\" data-end=\"944\">15-60 saniyelik videolar<\/strong>, h\u0131zl\u0131 t\u00fcketim i\u00e7in ideal hale geliyor.<\/p>\n<\/li>\n<li data-start=\"987\" data-end=\"1059\">\n<p data-start=\"989\" data-end=\"1059\"><strong data-start=\"989\" data-end=\"1012\">Dikey video format\u0131<\/strong>, mobil cihazlarda en do\u011fal deneyimi sunuyor.<\/p>\n<\/li>\n<li data-start=\"1060\" data-end=\"1162\">\n<p data-start=\"1062\" data-end=\"1162\">Yapay zek\u00e2 destekli otomatik altyaz\u0131 ve \u00e7ok dilli \u00e7eviri sistemleri, k\u00fcresel etkile\u015fimi art\u0131r\u0131yor.<\/p>\n<\/li>\n<\/ul>\n<p style=\"text-align: justify;\" data-start=\"1164\" data-end=\"1442\">Markalar i\u00e7in bu durum, yaln\u0131zca \u00fcr\u00fcn tan\u0131t\u0131m\u0131 de\u011fil, ayn\u0131 zamanda kullan\u0131c\u0131 hik\u00e2yeleri, marka de\u011ferleri ve ya\u015fam tarz\u0131 odakl\u0131 i\u00e7erikler \u00fcretmek anlam\u0131na geliyor. 2026\u2019da, sadece e\u011flenceli i\u00e7erikler de\u011fil, <strong data-start=\"1370\" data-end=\"1395\">e\u011fitici k\u0131sa videolar<\/strong> ve <strong data-start=\"1399\" data-end=\"1424\">etkile\u015fimli Reels\u2019ler<\/strong> de \u00f6ne \u00e7\u0131kacak.<\/p>\n<h3 style=\"text-align: justify;\" data-start=\"1449\" data-end=\"1497\"><strong>Yapay Zek\u00e2 ile Ki\u015fiselle\u015ftirilmi\u015f \u0130\u00e7erikler<\/strong><\/h3>\n<p style=\"text-align: justify;\" data-start=\"1499\" data-end=\"1709\"><strong data-start=\"1499\" data-end=\"1528\">Yapay zek\u00e2 i\u00e7erik \u00fcretimi<\/strong>, 2026\u2019da Instagram kullan\u0131m\u0131nda en b\u00fcy\u00fck de\u011fi\u015fimlerden birini temsil ediyor. AI destekli ara\u00e7lar sayesinde g\u00f6rseller, videolar, ses i\u00e7erikleri ve metinler kolayca \u00fcretilebiliyor.<\/p>\n<p style=\"text-align: justify;\" data-start=\"1711\" data-end=\"1781\">Instagram algoritmas\u0131, kullan\u0131c\u0131lar\u0131n ilgi alanlar\u0131n\u0131 analiz ederek:<\/p>\n<ul style=\"text-align: justify;\" data-start=\"1782\" data-end=\"1926\">\n<li data-start=\"1782\" data-end=\"1831\">\n<p data-start=\"1784\" data-end=\"1831\">Daha <strong data-start=\"1789\" data-end=\"1828\">ki\u015fiselle\u015ftirilmi\u015f i\u00e7erik \u00f6nerileri<\/strong>,<\/p>\n<\/li>\n<li data-start=\"1832\" data-end=\"1873\">\n<p data-start=\"1834\" data-end=\"1873\">Daha <strong data-start=\"1839\" data-end=\"1870\">hedefli reklam kampanyalar\u0131<\/strong>,<\/p>\n<\/li>\n<li data-start=\"1874\" data-end=\"1926\">\n<p data-start=\"1876\" data-end=\"1926\">Daha <strong data-start=\"1881\" data-end=\"1915\">verimli i\u00e7erik ke\u015fif s\u00fcre\u00e7leri<\/strong> sunuyor.<\/p>\n<\/li>\n<\/ul>\n<p style=\"text-align: justify;\" data-start=\"1928\" data-end=\"2110\">\u00d6rne\u011fin, bir kullan\u0131c\u0131 seyahatle ilgileniyorsa, algoritma yaln\u0131zca pop\u00fcler tatil foto\u011fraflar\u0131n\u0131 de\u011fil, ayn\u0131 zamanda yapay zek\u00e2 ile \u00fcretilmi\u015f destinasyon \u00f6nerilerini de sunabilecek.<\/p>\n<p style=\"text-align: justify;\" data-start=\"2112\" data-end=\"2325\">Ancak bu trend, i\u00e7eriklerin orijinalli\u011fi ve g\u00fcvenilirli\u011fi a\u00e7\u0131s\u0131ndan tart\u0131\u015fmalar yarat\u0131yor. 2026\u2019da markalar\u0131n ba\u015far\u0131l\u0131 olmas\u0131 i\u00e7in, yapay zek\u00e2 i\u00e7eriklerini \u00f6zg\u00fcn bir hik\u00e2ye ile harmanlamas\u0131 b\u00fcy\u00fck \u00f6nem ta\u015f\u0131yacak.<\/p>\n<h3 style=\"text-align: justify;\" data-start=\"2332\" data-end=\"2370\"><strong>AR ve VR Deneyimlerinin Y\u00fckseli\u015fi<\/strong><\/h3>\n<p style=\"text-align: justify;\" data-start=\"2372\" data-end=\"2653\"><strong data-start=\"2372\" data-end=\"2436\">Art\u0131r\u0131lm\u0131\u015f ger\u00e7eklik (AR) ve sanal ger\u00e7eklik (VR) filtreleri<\/strong>, Instagram\u2019da 2026\u2019n\u0131n en dikkat \u00e7ekici trendlerinden biri olacak. Bu teknolojiler, kullan\u0131c\u0131 deneyimini e\u011flenceli olman\u0131n \u00f6tesine ta\u015f\u0131yor ve al\u0131\u015fveri\u015f, e\u011fitim, sanat gibi bir\u00e7ok alanda interaktif \u00e7\u00f6z\u00fcmler sunuyor.<\/p>\n<p style=\"text-align: justify;\" data-start=\"2655\" data-end=\"2681\">\u00d6rnek kullan\u0131m alanlar\u0131:<\/p>\n<ul style=\"text-align: justify;\" data-start=\"2682\" data-end=\"2959\">\n<li data-start=\"2682\" data-end=\"2778\">\n<p data-start=\"2684\" data-end=\"2778\">Moda markalar\u0131, AR filtreleriyle k\u0131yafet ve aksesuarlar\u0131 sanal olarak deneme imk\u00e2n\u0131 sunacak.<\/p>\n<\/li>\n<li data-start=\"2779\" data-end=\"2864\">\n<p data-start=\"2781\" data-end=\"2864\">E-ticaret i\u015fletmeleri, \u00fcr\u00fcnlerini kullan\u0131c\u0131lar\u0131n ev ortam\u0131nda g\u00f6r\u00fcnt\u00fcleyebilecek.<\/p>\n<\/li>\n<li data-start=\"2865\" data-end=\"2959\">\n<p data-start=\"2867\" data-end=\"2959\">Sanat\u00e7\u0131lar, VR destekli sergiler d\u00fczenleyerek takip\u00e7ilerine sanal sergiler deneyimletecek.<\/p>\n<\/li>\n<\/ul>\n<p style=\"text-align: justify;\" data-start=\"2961\" data-end=\"3143\">Bu trend, yaln\u0131zca bireysel kullan\u0131c\u0131lar i\u00e7in de\u011fil, ayn\u0131 zamanda markalar\u0131n sat\u0131\u015flar\u0131n\u0131 art\u0131rmak ve kullan\u0131c\u0131larla daha derin bir ba\u011f kurmak i\u00e7in de stratejik f\u0131rsatlar yarat\u0131yor.<\/p>\n<h3 style=\"text-align: justify;\" data-start=\"3150\" data-end=\"3188\"><strong>Mikro-Influencer\u2019lar\u0131n G\u00fc\u00e7lenmesi<\/strong><\/h3>\n<p style=\"text-align: justify;\" data-start=\"3190\" data-end=\"3397\">2026\u2019da <strong data-start=\"3198\" data-end=\"3230\">mikro-influencer pazarlamas\u0131<\/strong>, b\u00fcy\u00fck kitlelere hitap eden influencer\u2019lar\u0131n \u00f6n\u00fcne ge\u00e7meye ba\u015fl\u0131yor. Bunun nedeni, k\u00fc\u00e7\u00fck topluluklar\u0131n daha y\u00fcksek g\u00fcven, samimiyet ve etkile\u015fim oran\u0131 sa\u011flamas\u0131d\u0131r.<\/p>\n<p style=\"text-align: justify;\" data-start=\"3399\" data-end=\"3436\">Mikro-influencer\u2019lar\u0131n avantajlar\u0131:<\/p>\n<ul style=\"text-align: justify;\" data-start=\"3437\" data-end=\"3619\">\n<li data-start=\"3437\" data-end=\"3475\">\n<p data-start=\"3439\" data-end=\"3475\">Daha d\u00fc\u015f\u00fck maliyetli i\u015fbirlikleri,<\/p>\n<\/li>\n<li data-start=\"3476\" data-end=\"3516\">\n<p data-start=\"3478\" data-end=\"3516\">Daha organik ve g\u00fcvenilir i\u00e7erikler,<\/p>\n<\/li>\n<li data-start=\"3517\" data-end=\"3619\">\n<p data-start=\"3519\" data-end=\"3619\">Belirli ni\u015f alanlara (\u00f6rne\u011fin vegan beslenme, minimal ya\u015fam, s\u00fcrd\u00fcr\u00fclebilir moda) hitap etme g\u00fcc\u00fc.<\/p>\n<\/li>\n<\/ul>\n<p style=\"text-align: justify;\" data-start=\"3621\" data-end=\"3739\">Bu trend, markalar\u0131n hedef kitleye daha do\u011frudan ula\u015fmas\u0131n\u0131 ve topluluk tabanl\u0131 i\u00e7erik \u00fcretimini \u00f6n plana \u00e7\u0131kar\u0131yor.<\/p>\n<h3 style=\"text-align: justify;\" data-start=\"3746\" data-end=\"3793\"><strong>Sesli \u0130\u00e7eriklerin Instagram\u2019a Entegrasyonu<\/strong><\/h3>\n<p style=\"text-align: justify;\" data-start=\"3795\" data-end=\"3929\">2026\u2019da, Instagram yaln\u0131zca g\u00f6rsel ve videoya dayal\u0131 bir platform olmayacak. <strong data-start=\"3872\" data-end=\"3891\">Sesli i\u00e7erikler<\/strong> de giderek daha fazla kullan\u0131lacak.<\/p>\n<ul style=\"text-align: justify;\" data-start=\"3931\" data-end=\"4164\">\n<li data-start=\"3931\" data-end=\"4021\">\n<p data-start=\"3933\" data-end=\"4021\"><strong data-start=\"3933\" data-end=\"3972\">Podcast benzeri mini ses i\u00e7erikleri<\/strong>, Reels veya hik\u00e2ye format\u0131na entegre edilecek.<\/p>\n<\/li>\n<li data-start=\"4022\" data-end=\"4087\">\n<p data-start=\"4024\" data-end=\"4087\">Canl\u0131 yay\u0131nlarda sesli sohbet odalar\u0131 daha fazla yer bulacak.<\/p>\n<\/li>\n<li data-start=\"4088\" data-end=\"4164\">\n<p data-start=\"4090\" data-end=\"4164\">Kullan\u0131c\u0131lar, sesli payla\u015f\u0131mlar ile daha do\u011fal bir ileti\u015fim kurabilecek.<\/p>\n<\/li>\n<\/ul>\n<p style=\"text-align: justify;\" data-start=\"4166\" data-end=\"4250\">Bu trend, \u00f6zellikle e\u011fitim, motivasyon ve ya\u015fam tarz\u0131 i\u00e7eriklerinde etkili olacak.<\/p>\n<h3 style=\"text-align: justify;\" data-start=\"4257\" data-end=\"4296\"><strong>Ge\u00e7ici \u0130\u00e7eriklerin G\u00fcc\u00fcn\u00fc Korumas\u0131<\/strong><\/h3>\n<p style=\"text-align: justify;\" data-start=\"4298\" data-end=\"4442\"><strong data-start=\"4298\" data-end=\"4311\">Hik\u00e2yeler<\/strong> (Stories), 2026\u2019da da Instagram kullan\u0131c\u0131lar\u0131n\u0131n g\u00fcnl\u00fck payla\u015f\u0131mlar\u0131nda en \u00e7ok tercih etti\u011fi i\u00e7erik format\u0131 olmaya devam edecek.<\/p>\n<p style=\"text-align: justify;\" data-start=\"4444\" data-end=\"4493\">Ge\u00e7ici i\u00e7eriklerin pop\u00fcler olmas\u0131n\u0131n nedenleri:<\/p>\n<ul style=\"text-align: justify;\" data-start=\"4494\" data-end=\"4695\">\n<li data-start=\"4494\" data-end=\"4547\">\n<p data-start=\"4496\" data-end=\"4547\">Daha samimi ve do\u011fal bir ileti\u015fim imk\u00e2n\u0131 sunmas\u0131,<\/p>\n<\/li>\n<li data-start=\"4548\" data-end=\"4604\">\n<p data-start=\"4550\" data-end=\"4604\">\u201cKa\u00e7\u0131rma korkusu\u201d (FOMO) ile daha h\u0131zl\u0131 t\u00fcketilmesi,<\/p>\n<\/li>\n<li data-start=\"4605\" data-end=\"4695\">\n<p data-start=\"4607\" data-end=\"4695\">Anket, soru-cevap ve etkile\u015fimli \u00e7\u0131kartmalar sayesinde kullan\u0131c\u0131 kat\u0131l\u0131m\u0131n\u0131 art\u0131rmas\u0131.<\/p>\n<\/li>\n<\/ul>\n<p style=\"text-align: justify;\" data-start=\"4697\" data-end=\"4823\">Markalar i\u00e7in bu format, kampanya duyurular\u0131, \u00f6zel teklifler ve topluluk etkile\u015fimi i\u00e7in g\u00fc\u00e7l\u00fc bir ara\u00e7 olmaya devam ediyor.<\/p>\n<h3 style=\"text-align: justify;\" data-start=\"4830\" data-end=\"4888\"><strong>Kullan\u0131c\u0131 Taraf\u0131ndan \u00dcretilen \u0130\u00e7eriklerin (UGC) \u00d6nemi<\/strong><\/h3>\n<p style=\"text-align: justify;\" data-start=\"4890\" data-end=\"5123\">2026\u2019da markalar\u0131n g\u00fcvenilirlik kazanmas\u0131nda en etkili stratejilerden biri, <strong data-start=\"4966\" data-end=\"5015\">kullan\u0131c\u0131 taraf\u0131ndan \u00fcretilen i\u00e7erikler (UGC)<\/strong> olacak. Kullan\u0131c\u0131lar\u0131n kendi deneyimlerini payla\u015fmalar\u0131, markalar i\u00e7in do\u011fal bir reklam niteli\u011fi ta\u015f\u0131yor.<\/p>\n<p style=\"text-align: justify;\" data-start=\"5125\" data-end=\"5135\">\u00d6rne\u011fin:<\/p>\n<ul style=\"text-align: justify;\" data-start=\"5136\" data-end=\"5392\">\n<li data-start=\"5136\" data-end=\"5221\">\n<p data-start=\"5138\" data-end=\"5221\">Bir kullan\u0131c\u0131, sat\u0131n ald\u0131\u011f\u0131 \u00fcr\u00fcn\u00fc Instagram\u2019da payla\u015farak markaya katk\u0131 sa\u011fl\u0131yor.<\/p>\n<\/li>\n<li data-start=\"5222\" data-end=\"5298\">\n<p data-start=\"5224\" data-end=\"5298\">Mikro-influencer\u2019lar, do\u011fal \u00fcr\u00fcn deneyimlerini topluluklar\u0131na aktar\u0131yor.<\/p>\n<\/li>\n<li data-start=\"5299\" data-end=\"5392\">\n<p data-start=\"5301\" data-end=\"5392\">Hashtag kampanyalar\u0131, UGC\u2019yi te\u015fvik ederek viral i\u00e7eriklerin olu\u015fmas\u0131na zemin haz\u0131rl\u0131yor.<\/p>\n<\/li>\n<\/ul>\n<h3 style=\"text-align: justify;\" data-start=\"5399\" data-end=\"5454\"><strong>E\u011fitim ve Bilgilendirici \u0130\u00e7eriklerin Yayg\u0131nla\u015fmas\u0131<\/strong><\/h3>\n<p style=\"text-align: justify;\" data-start=\"5456\" data-end=\"5681\">Instagram, yaln\u0131zca g\u00f6rsel bir e\u011flence platformu olmaktan \u00e7\u0131k\u0131yor. 2026\u2019da <strong data-start=\"5531\" data-end=\"5559\">bilgilendirici i\u00e7erikler<\/strong> daha fazla \u00f6ne \u00e7\u0131kacak. \u00d6zellikle k\u0131sa rehberler, ipu\u00e7lar\u0131, infografikler ve ad\u0131m ad\u0131m e\u011fitim videolar\u0131 pop\u00fcler olacak.<\/p>\n<p style=\"text-align: justify;\" data-start=\"5683\" data-end=\"5936\">Bu trend, kullan\u0131c\u0131lar\u0131n sosyal medyay\u0131 sadece vakit ge\u00e7irmek i\u00e7in de\u011fil, ayn\u0131 zamanda \u00f6\u011frenmek i\u00e7in kullanmalar\u0131n\u0131 sa\u011fl\u0131yor. \u00d6zellikle i\u015f d\u00fcnyas\u0131, finans, sa\u011fl\u0131k, ki\u015fisel geli\u015fim ve teknoloji gibi alanlarda bu i\u00e7erikler g\u00fc\u00e7l\u00fc bir etkile\u015fim yaratacak.<\/p>\n<h3 style=\"text-align: justify;\" data-start=\"5943\" data-end=\"5973\"><strong>Sessiz \u0130\u00e7eriklere Y\u00f6nelim<\/strong><\/h3>\n<p style=\"text-align: justify;\" data-start=\"5975\" data-end=\"6167\">2026\u2019da dikkat \u00e7eken bir di\u011fer trend, <strong data-start=\"6013\" data-end=\"6053\">sessiz modda t\u00fcketilebilen i\u00e7erikler<\/strong> olacak. Kullan\u0131c\u0131lar\u0131n b\u00fcy\u00fck bir k\u0131sm\u0131 toplu ta\u015f\u0131ma, i\u015f veya okul ortam\u0131nda sosyal medyay\u0131 sessizce kullan\u0131yor.<\/p>\n<p style=\"text-align: justify;\" data-start=\"6169\" data-end=\"6182\">Bu nedenle:<\/p>\n<ul style=\"text-align: justify;\" data-start=\"6183\" data-end=\"6287\">\n<li data-start=\"6183\" data-end=\"6206\">\n<p data-start=\"6185\" data-end=\"6206\">Altyaz\u0131l\u0131 videolar,<\/p>\n<\/li>\n<li data-start=\"6207\" data-end=\"6236\">\n<p data-start=\"6209\" data-end=\"6236\">Metin destekli g\u00f6rseller,<\/p>\n<\/li>\n<li data-start=\"6237\" data-end=\"6287\">\n<p data-start=\"6239\" data-end=\"6287\">G\u00f6rseller \u00fczerine eklenmi\u015f k\u0131sa bilgi notlar\u0131,<\/p>\n<\/li>\n<\/ul>\n<p style=\"text-align: justify;\" data-start=\"6289\" data-end=\"6420\">daha fazla tercih edilecek. Bu durum, i\u00e7erik \u00fcreticiler i\u00e7in sessiz t\u00fcketim al\u0131\u015fkanl\u0131klar\u0131na uygun formatlar\u0131n \u00f6nemini art\u0131r\u0131yor.<\/p>\n<h3 style=\"text-align: justify;\" data-start=\"6427\" data-end=\"6463\"><strong>Instagram Trendlerinin Gelece\u011fi<\/strong><\/h3>\n<p style=\"text-align: justify;\" data-start=\"6465\" data-end=\"6773\">2026\u2019da Instagram, kullan\u0131c\u0131 deneyimini daha ki\u015fiselle\u015ftiren, topluluk odakl\u0131 ve teknolojik olarak zenginle\u015ftirilmi\u015f bir platform haline geliyor. <strong data-start=\"6611\" data-end=\"6628\">K\u0131sa videolar<\/strong>, <strong data-start=\"6630\" data-end=\"6663\">yapay zek\u00e2 destekli i\u00e7erikler<\/strong>, <strong data-start=\"6665\" data-end=\"6686\">AR\/VR deneyimleri<\/strong>, <strong data-start=\"6688\" data-end=\"6721\">mikro-influencer i\u015fbirlikleri<\/strong> ve <strong data-start=\"6725\" data-end=\"6732\">UGC<\/strong> en g\u00fc\u00e7l\u00fc trendler aras\u0131nda yer al\u0131yor.<\/p>\n<p style=\"text-align: justify;\" data-start=\"6775\" data-end=\"6969\">Ba\u015far\u0131l\u0131 olmak isteyen markalar\u0131n ve i\u00e7erik \u00fcreticilerin, bu trendleri yaln\u0131zca uygulamakla kalmay\u0131p, ayn\u0131 zamanda hedef kitlenin ihtiya\u00e7lar\u0131na g\u00f6re stratejik bir \u015fekilde kullanmas\u0131 gerekecek.<\/p>\n","protected":false},"excerpt":{"rendered":"<p>Instagram, sosyal medya platformlar\u0131 aras\u0131nda hem bireyler hem de markalar i\u00e7in en g\u00fc\u00e7l\u00fc dijital pazarlama ve etkile\u015fim alan\u0131 olmaya devam ediyor. 2026 y\u0131l\u0131na geldi\u011fimizde, Instagram trendleri yaln\u0131zca g\u00f6rsel payla\u015f\u0131mlar\u0131 de\u011fil; video, ses, yapay zek\u00e2 destekli i\u00e7erikler, art\u0131r\u0131lm\u0131\u015f ger\u00e7eklik deneyimleri ve topluluk odakl\u0131 yeni i\u00e7erik formatlar\u0131n\u0131 da kaps\u0131yor. Bu y\u0131l, kullan\u0131c\u0131lar\u0131n beklentileri daha fazla ki\u015fiselle\u015ftirilmi\u015f, g\u00fcvenilir [&hellip;]<\/p>\n","protected":false},"author":7,"featured_media":17319,"comment_status":"closed","ping_status":"closed","sticky":false,"template":"","format":"standard","meta":{"footnotes":""},"categories":[32],"tags":[2127,2128,2129,73],"class_list":["post-17318","post","type-post","status-publish","format-standard","has-post-thumbnail","category-sosyal-medya","tag-2026-instagram-trendleri","tag-ar-ve-vr-filtreleri","tag-kisa-video-icerikleri","tag-sosyal-medya"],"_links":{"self":[{"href":"https:\/\/sh.com.tr\/blog\/wp-json\/wp\/v2\/posts\/17318","targetHints":{"allow":["GET"]}}],"collection":[{"href":"https:\/\/sh.com.tr\/blog\/wp-json\/wp\/v2\/posts"}],"about":[{"href":"https:\/\/sh.com.tr\/blog\/wp-json\/wp\/v2\/types\/post"}],"author":[{"embeddable":true,"href":"https:\/\/sh.com.tr\/blog\/wp-json\/wp\/v2\/users\/7"}],"replies":[{"embeddable":true,"href":"https:\/\/sh.com.tr\/blog\/wp-json\/wp\/v2\/comments?post=17318"}],"version-history":[{"count":1,"href":"https:\/\/sh.com.tr\/blog\/wp-json\/wp\/v2\/posts\/17318\/revisions"}],"predecessor-version":[{"id":17558,"href":"https:\/\/sh.com.tr\/blog\/wp-json\/wp\/v2\/posts\/17318\/revisions\/17558"}],"wp:featuredmedia":[{"embeddable":true,"href":"https:\/\/sh.com.tr\/blog\/wp-json\/wp\/v2\/media\/17319"}],"wp:attachment":[{"href":"https:\/\/sh.com.tr\/blog\/wp-json\/wp\/v2\/media?parent=17318"}],"wp:term":[{"taxonomy":"category","embeddable":true,"href":"https:\/\/sh.com.tr\/blog\/wp-json\/wp\/v2\/categories?post=17318"},{"taxonomy":"post_tag","embeddable":true,"href":"https:\/\/sh.com.tr\/blog\/wp-json\/wp\/v2\/tags?post=17318"}],"curies":[{"name":"wp","href":"https:\/\/api.w.org\/{rel}","templated":true}]}}