{"id":17458,"date":"2026-04-07T08:30:32","date_gmt":"2026-04-07T05:30:32","guid":{"rendered":"https:\/\/blog.sh.com.tr\/?p=17458"},"modified":"2026-01-28T13:32:10","modified_gmt":"2026-01-28T10:32:10","slug":"icerik-pazarlamasi-ve-sosyal-medya-markanizi-nasil-tanitirsiniz","status":"publish","type":"post","link":"https:\/\/sh.com.tr\/blog\/icerik-pazarlamasi-ve-sosyal-medya-markanizi-nasil-tanitirsiniz\/","title":{"rendered":"\u0130\u00e7erik Pazarlamas\u0131 ve Sosyal Medya: Markan\u0131z\u0131 Nas\u0131l Tan\u0131t\u0131rs\u0131n\u0131z?"},"content":{"rendered":"<p style=\"text-align: justify;\" data-start=\"73\" data-end=\"616\">Dijital d\u00fcnyada rekabet her ge\u00e7en g\u00fcn daha da yo\u011funla\u015f\u0131yor. Art\u0131k yaln\u0131zca iyi bir \u00fcr\u00fcn veya hizmet sunmak, markalar\u0131n s\u00fcrd\u00fcr\u00fclebilir ba\u015far\u0131 elde etmesi i\u00e7in yeterli olmuyor. Kullan\u0131c\u0131lar\u0131n dikkatini \u00e7ekmek, g\u00fcvenini kazanmak ve uzun vadeli bir ili\u015fki kurmak i\u00e7in <strong data-start=\"337\" data-end=\"359\">i\u00e7erik pazarlamas\u0131<\/strong> ve <strong data-start=\"363\" data-end=\"379\">sosyal medya<\/strong> stratejilerinin birlikte ve bilin\u00e7li \u015fekilde y\u00f6netilmesi gerekiyor. Bu iki alan, do\u011fru kurguland\u0131\u011f\u0131nda markalar\u0131n g\u00f6r\u00fcn\u00fcrl\u00fc\u011f\u00fcn\u00fc art\u0131ran, bilinirli\u011fini g\u00fc\u00e7lendiren ve ticari hedeflere do\u011frudan katk\u0131 sa\u011flayan g\u00fc\u00e7l\u00fc ara\u00e7lar haline geliyor.<\/p>\n<p style=\"text-align: justify;\" data-start=\"618\" data-end=\"974\">Bu makalede, <strong data-start=\"631\" data-end=\"669\">i\u00e7erik pazarlamas\u0131 ve sosyal medya<\/strong> kavramlar\u0131n\u0131 teknik ve stratejik a\u00e7\u0131dan ele alacak, markan\u0131z\u0131 dijital ekosistemde nas\u0131l etkili bi\u00e7imde tan\u0131tabilece\u011finizi kapsaml\u0131 bir \u015fekilde inceleyece\u011fiz. Anlat\u0131m boyunca yaln\u0131zca bilinen do\u011frular\u0131 tekrarlamakla yetinmeyip, uygulamada fark yaratan analizlere ve uzman bak\u0131\u015f a\u00e7\u0131lar\u0131na da yer verece\u011fiz.<\/p>\n<h2 style=\"text-align: justify;\" data-start=\"981\" data-end=\"1044\"><strong data-start=\"984\" data-end=\"1044\">\u0130\u00e7erik Pazarlamas\u0131 Nedir ve Neden Temel Bir Stratejidir?<\/strong><\/h2>\n<p style=\"text-align: justify;\" data-start=\"1046\" data-end=\"1413\"><strong data-start=\"1046\" data-end=\"1068\">\u0130\u00e7erik pazarlamas\u0131<\/strong>, belirli bir hedef kitleyi \u00e7ekmek, bilgilendirmek ve etkilemek amac\u0131yla de\u011ferli, tutarl\u0131 ve anlaml\u0131 i\u00e7erikler \u00fcretme s\u00fcrecidir. Bu yakla\u015f\u0131m, do\u011frudan sat\u0131\u015f odakl\u0131 reklamlardan farkl\u0131 olarak, kullan\u0131c\u0131ya \u00f6nce fayda sunmay\u0131 hedefler. Dolay\u0131s\u0131yla i\u00e7erik pazarlamas\u0131, markan\u0131n uzun vadeli g\u00fcven in\u015fas\u0131n\u0131n temel ta\u015flar\u0131ndan biri olarak kabul edilir.<\/p>\n<p style=\"text-align: justify;\" data-start=\"1415\" data-end=\"1872\">\u0130\u00e7erik pazarlamas\u0131n\u0131n bu kadar kritik olmas\u0131n\u0131n temel nedeni, kullan\u0131c\u0131 davran\u0131\u015flar\u0131n\u0131n de\u011fi\u015fmi\u015f olmas\u0131d\u0131r. G\u00fcn\u00fcm\u00fcz kullan\u0131c\u0131lar\u0131, sat\u0131n alma kararlar\u0131n\u0131 vermeden \u00f6nce ara\u015ft\u0131rma yapmay\u0131, kar\u015f\u0131la\u015ft\u0131rmay\u0131 ve uzman g\u00f6r\u00fc\u015flerine ula\u015fmay\u0131 tercih eder. Bu noktada <strong data-start=\"1672\" data-end=\"1694\">i\u00e7erik pazarlamas\u0131<\/strong>, markan\u0131n bilgi sa\u011flayan, yol g\u00f6steren ve sorun \u00e7\u00f6zen bir konumda alg\u0131lanmas\u0131n\u0131 sa\u011flar. B\u00f6ylece marka, yaln\u0131zca bir sat\u0131c\u0131 de\u011fil, ayn\u0131 zamanda g\u00fcvenilir bir kaynak haline gelir.<\/p>\n<p style=\"text-align: justify;\" data-start=\"1874\" data-end=\"2257\">Bir di\u011fer \u00f6nemli unsur ise arama motorlar\u0131d\u0131r. Arama motorlar\u0131, kullan\u0131c\u0131 niyetine en uygun ve en kaliteli i\u00e7eri\u011fi \u00f6n plana \u00e7\u0131kar\u0131r. Teknik a\u00e7\u0131dan bak\u0131ld\u0131\u011f\u0131nda, iyi yap\u0131land\u0131r\u0131lm\u0131\u015f ve semantik ba\u011flam\u0131 g\u00fc\u00e7l\u00fc i\u00e7erikler, organik g\u00f6r\u00fcn\u00fcrl\u00fc\u011f\u00fc ciddi \u00f6l\u00e7\u00fcde art\u0131r\u0131r. Bu durum, <strong data-start=\"2144\" data-end=\"2166\">i\u00e7erik pazarlamas\u0131<\/strong> \u00e7al\u0131\u015fmalar\u0131n\u0131 yaln\u0131zca ileti\u015fim de\u011fil, ayn\u0131 zamanda g\u00fc\u00e7l\u00fc bir SEO yat\u0131r\u0131m\u0131 haline getirir.<\/p>\n<h2 style=\"text-align: justify;\" data-start=\"2264\" data-end=\"2311\"><strong data-start=\"2267\" data-end=\"2311\">Sosyal Medyan\u0131n Marka Tan\u0131t\u0131m\u0131ndaki Rol\u00fc<\/strong><\/h2>\n<p style=\"text-align: justify;\" data-start=\"2313\" data-end=\"2621\"><strong data-start=\"2313\" data-end=\"2329\">Sosyal medya<\/strong>, i\u00e7erik pazarlamas\u0131n\u0131n g\u00f6r\u00fcn\u00fcrl\u00fck kazand\u0131\u011f\u0131 ve kullan\u0131c\u0131yla do\u011frudan temas kurdu\u011fu en \u00f6nemli kanallardan biridir. Sosyal medya platformlar\u0131, markalara hedef kitleleriyle \u00e7ift y\u00f6nl\u00fc ileti\u015fim kurma imk\u00e2n\u0131 sunar. Bu \u00f6zellik, geleneksel medya ara\u00e7lar\u0131ndan en temel ayr\u0131\u015fma noktalar\u0131ndan biridir.<\/p>\n<p style=\"text-align: justify;\" data-start=\"2623\" data-end=\"3039\">Marka tan\u0131t\u0131m\u0131 a\u00e7\u0131s\u0131ndan sosyal medyan\u0131n en \u00f6nemli katk\u0131lar\u0131ndan biri, h\u0131z ve etkile\u015fimdir. \u00dcretilen bir i\u00e7erik, do\u011fru zamanda ve do\u011fru formatta payla\u015f\u0131ld\u0131\u011f\u0131nda k\u0131sa s\u00fcrede binlerce kullan\u0131c\u0131ya ula\u015fabilir. Ancak burada kritik olan, yaln\u0131zca payla\u015f\u0131m yapmak de\u011fil, payla\u015f\u0131m\u0131n arkas\u0131ndaki stratejidir. Plans\u0131z ve hedef kitleden kopuk sosyal medya kullan\u0131m\u0131, markaya fayda sa\u011flamad\u0131\u011f\u0131 gibi alg\u0131 kayb\u0131na da yol a\u00e7abilir.<\/p>\n<p style=\"text-align: justify;\" data-start=\"3041\" data-end=\"3366\">Sosyal medya ayn\u0131 zamanda marka ki\u015fili\u011finin somutla\u015ft\u0131\u011f\u0131 bir aland\u0131r. Kullan\u0131lan dil, g\u00f6rsel tercihleri, etkile\u015fim bi\u00e7imi ve geri bildirimlere verilen yan\u0131tlar, markan\u0131n karakterini yans\u0131t\u0131r. Bu nedenle <strong data-start=\"3244\" data-end=\"3260\">sosyal medya<\/strong>, i\u00e7erik pazarlamas\u0131n\u0131n yaln\u0131zca da\u011f\u0131t\u0131m kanal\u0131 de\u011fil, ayn\u0131 zamanda marka kimli\u011finin aktif bir par\u00e7as\u0131d\u0131r.<\/p>\n<h2 style=\"text-align: justify;\" data-start=\"3373\" data-end=\"3439\"><strong data-start=\"3376\" data-end=\"3439\">\u0130\u00e7erik Pazarlamas\u0131 ve Sosyal Medya Aras\u0131ndaki Stratejik Ba\u011f<\/strong><\/h2>\n<p style=\"text-align: justify;\" data-start=\"3441\" data-end=\"3737\">Bir\u00e7ok marka, i\u00e7erik pazarlamas\u0131 ve sosyal medyay\u0131 birbirinden ba\u011f\u0131ms\u0131z alanlar gibi ele al\u0131r. Oysa bu iki yap\u0131, birbirini besleyen ve g\u00fc\u00e7lendiren bir b\u00fct\u00fcn\u00fcn par\u00e7alar\u0131d\u0131r. <strong data-start=\"3614\" data-end=\"3636\">\u0130\u00e7erik pazarlamas\u0131<\/strong>, derinlikli ve kal\u0131c\u0131 de\u011fer \u00fcretirken; <strong data-start=\"3676\" data-end=\"3692\">sosyal medya<\/strong>, bu de\u011ferin do\u011fru kitleye ula\u015fmas\u0131n\u0131 sa\u011flar.<\/p>\n<p style=\"text-align: justify;\" data-start=\"3739\" data-end=\"4111\">Stratejik a\u00e7\u0131dan bak\u0131ld\u0131\u011f\u0131nda, i\u00e7erik \u00fcretim s\u00fcreci sosyal medya dinamikleri g\u00f6z \u00f6n\u00fcnde bulundurularak planlanmal\u0131d\u0131r. Kullan\u0131c\u0131n\u0131n hangi platformda nas\u0131l i\u00e7erikler t\u00fcketti\u011fi, hangi formatlara daha fazla tepki verdi\u011fi ve hangi zaman dilimlerinde aktif oldu\u011fu analiz edilmelidir. Bu analizler, i\u00e7eri\u011fin yaln\u0131zca kaliteli de\u011fil, ayn\u0131 zamanda eri\u015filebilir olmas\u0131n\u0131 da sa\u011flar.<\/p>\n<p style=\"text-align: justify;\" data-start=\"4113\" data-end=\"4466\">Ayr\u0131ca sosyal medya, i\u00e7erik performans\u0131n\u0131n \u00f6l\u00e7\u00fcmlenmesi i\u00e7in \u00f6nemli veriler sunar. Be\u011feni, yorum, payla\u015f\u0131m ve t\u0131klama oranlar\u0131, i\u00e7eri\u011fin hedef kitle \u00fczerindeki etkisini anlamaya yard\u0131mc\u0131 olur. Bu veriler do\u011frultusunda i\u00e7erik pazarlamas\u0131 stratejisi s\u00fcrekli olarak optimize edilebilir. B\u00f6ylece statik de\u011fil, ya\u015fayan bir pazarlama modeli olu\u015fturulmu\u015f olur.<\/p>\n<h2 style=\"text-align: justify;\" data-start=\"4473\" data-end=\"4527\"><strong data-start=\"4476\" data-end=\"4527\">Markan\u0131z \u0130\u00e7in Etkili \u0130\u00e7erik T\u00fcrlerini Belirleme<\/strong><\/h2>\n<p style=\"text-align: justify;\" data-start=\"4529\" data-end=\"4857\">Her i\u00e7erik t\u00fcr\u00fc, her marka i\u00e7in ayn\u0131 etkiyi yaratmaz. Bu nedenle i\u00e7erik pazarlamas\u0131 s\u00fcrecinde, markan\u0131n hedefleri ve hedef kitlenin beklentileri do\u011frultusunda i\u00e7erik t\u00fcrleri belirlenmelidir. Blog yaz\u0131lar\u0131, sosyal medya g\u00f6nderileri, rehber i\u00e7erikler ve bilgilendirici payla\u015f\u0131mlar, bu s\u00fcrecin temel yap\u0131 ta\u015flar\u0131 aras\u0131nda yer al\u0131r.<\/p>\n<p style=\"text-align: justify;\" data-start=\"4859\" data-end=\"5255\">Blog i\u00e7erikleri, markan\u0131n uzmanl\u0131k alan\u0131n\u0131 detayl\u0131 \u015fekilde anlatmas\u0131na imk\u00e2n tan\u0131r. Teknik bilgiler, analizler ve sekt\u00f6r de\u011ferlendirmeleri, blog yaz\u0131lar\u0131 arac\u0131l\u0131\u011f\u0131yla derinle\u015ftirilebilir. Sosyal medya ise bu i\u00e7eriklerin \u00f6zetlenerek veya yeniden kurgulanarak daha geni\u015f kitlelere sunuldu\u011fu bir alan olarak konumlan\u0131r. Bu yakla\u015f\u0131m, i\u00e7eriklerin farkl\u0131 platformlarda yeniden de\u011fer kazanmas\u0131n\u0131 sa\u011flar.<\/p>\n<p style=\"text-align: justify;\" data-start=\"5257\" data-end=\"5366\">A\u015fa\u011f\u0131da, i\u00e7erik pazarlamas\u0131 ve sosyal medya uyumunda s\u0131k kullan\u0131lan i\u00e7erik t\u00fcrlerine \u00f6rnekler yer almaktad\u0131r:<\/p>\n<ul style=\"text-align: justify;\" data-start=\"5368\" data-end=\"5520\">\n<li data-start=\"5368\" data-end=\"5414\">\n<p data-start=\"5370\" data-end=\"5414\">Bilgilendirici ve e\u011fitici metin i\u00e7erikleri<\/p>\n<\/li>\n<li data-start=\"5415\" data-end=\"5474\">\n<p data-start=\"5417\" data-end=\"5474\">Kullan\u0131c\u0131 sorular\u0131na yan\u0131t veren a\u00e7\u0131klay\u0131c\u0131 payla\u015f\u0131mlar<\/p>\n<\/li>\n<li data-start=\"5475\" data-end=\"5520\">\n<p data-start=\"5477\" data-end=\"5520\">Sekt\u00f6rel analiz ve yorum odakl\u0131 i\u00e7erikler<\/p>\n<\/li>\n<\/ul>\n<p style=\"text-align: justify;\" data-start=\"5522\" data-end=\"5626\">Bu t\u00fcrler, markan\u0131n hem bilgi sa\u011flay\u0131c\u0131 hem de g\u00fcvenilir bir akt\u00f6r olarak alg\u0131lanmas\u0131na katk\u0131da bulunur.<\/p>\n<h2 style=\"text-align: justify;\" data-start=\"5633\" data-end=\"5674\"><strong data-start=\"5636\" data-end=\"5674\">Hedef Kitle Analizi ve \u0130\u00e7erik Dili<\/strong><\/h2>\n<p style=\"text-align: justify;\" data-start=\"5676\" data-end=\"6002\">Ba\u015far\u0131l\u0131 bir <strong data-start=\"5689\" data-end=\"5727\">i\u00e7erik pazarlamas\u0131 ve sosyal medya<\/strong> stratejisinin temelinde do\u011fru hedef kitle analizi yer al\u0131r. Hedef kitleyi yaln\u0131zca ya\u015f, cinsiyet veya konum gibi demografik verilerle tan\u0131mlamak yeterli de\u011fildir. Kullan\u0131c\u0131lar\u0131n ihtiya\u00e7lar\u0131, beklentileri, sorunlar\u0131 ve karar alma s\u00fcre\u00e7leri detayl\u0131 \u015fekilde analiz edilmelidir.<\/p>\n<p style=\"text-align: justify;\" data-start=\"6004\" data-end=\"6418\">Bu analiz, i\u00e7erik dilinin belirlenmesinde kritik rol oynar. Teknik konulara h\u00e2kim bir kitleye hitap edilirken kullan\u0131lan dil ile genel bilgilendirme ama\u00e7l\u0131 i\u00e7eriklerde kullan\u0131lan dil ayn\u0131 olmamal\u0131d\u0131r. Profesyonel bir hedef kitle, y\u00fczeysel ifadelerden ziyade teknik do\u011frulu\u011fu y\u00fcksek ve gerek\u00e7elendirilmi\u015f a\u00e7\u0131klamalar bekler. Bu nedenle i\u00e7erik dili, hedef kitlenin bilgi seviyesine uygun olarak \u015fekillendirilmelidir.<\/p>\n<p style=\"text-align: justify;\" data-start=\"6420\" data-end=\"6696\">Ayr\u0131ca sosyal medyada kullan\u0131lan dilin, markan\u0131n genel ileti\u015fim tonu ile uyumlu olmas\u0131 gerekir. Samimi ancak tutars\u0131z olmayan, profesyonel ancak so\u011fuk olmayan bir dil, marka alg\u0131s\u0131n\u0131 olumlu y\u00f6nde etkiler. Bu denge, uzun vadeli takip\u00e7i sadakatinin olu\u015fmas\u0131nda belirleyici olur.<\/p>\n<h2 style=\"text-align: justify;\" data-start=\"6703\" data-end=\"6750\"><strong data-start=\"6706\" data-end=\"6750\">\u00d6l\u00e7\u00fcmleme, Analiz ve S\u00fcrekli \u0130yile\u015ftirme<\/strong><\/h2>\n<p style=\"text-align: justify;\" data-start=\"6752\" data-end=\"7029\">\u0130\u00e7erik pazarlamas\u0131 ve sosyal medya \u00e7al\u0131\u015fmalar\u0131, \u00f6l\u00e7\u00fcmlenmedi\u011fi s\u00fcrece geli\u015femez. Bu nedenle her strateji, belirli performans g\u00f6stergeleri \u00fczerinden de\u011ferlendirilmelidir. Eri\u015fim, etkile\u015fim, d\u00f6n\u00fc\u015f\u00fcm ve kullan\u0131c\u0131 davran\u0131\u015flar\u0131 gibi metrikler, i\u00e7eri\u011fin ger\u00e7ek etkisini ortaya koyar.<\/p>\n<p style=\"text-align: justify;\" data-start=\"7031\" data-end=\"7319\">Analiz s\u00fcreci yaln\u0131zca say\u0131sal verilerle s\u0131n\u0131rl\u0131 kalmamal\u0131d\u0131r. Kullan\u0131c\u0131 yorumlar\u0131, geri bildirimler ve mesajlar, i\u00e7eri\u011fin alg\u0131sal boyutunu anlamak a\u00e7\u0131s\u0131ndan olduk\u00e7a de\u011ferlidir. Bu geri bildirimler, yeni i\u00e7erik fikirlerinin olu\u015fmas\u0131na ve mevcut stratejinin revize edilmesine katk\u0131 sa\u011flar.<\/p>\n<p style=\"text-align: justify;\" data-start=\"7321\" data-end=\"7599\">S\u00fcrekli iyile\u015ftirme yakla\u015f\u0131m\u0131, markan\u0131n dijital d\u00fcnyada g\u00fcncel kalmas\u0131n\u0131 sa\u011flar. Algoritmalar, kullan\u0131c\u0131 al\u0131\u015fkanl\u0131klar\u0131 ve platform dinamikleri zaman i\u00e7inde de\u011fi\u015fir. Bu de\u011fi\u015fime uyum sa\u011flayabilen markalar, <strong data-start=\"7527\" data-end=\"7565\">i\u00e7erik pazarlamas\u0131 ve sosyal medya<\/strong> alan\u0131nda kal\u0131c\u0131 ba\u015far\u0131 elde eder.<\/p>\n<h2 style=\"text-align: justify;\" data-start=\"7606\" data-end=\"7664\"><strong data-start=\"7609\" data-end=\"7664\">\u0130\u00e7erik Pazarlamas\u0131 ve Sosyal Medya ile G\u00fcven \u0130n\u015fas\u0131<\/strong><\/h2>\n<p style=\"text-align: justify;\" data-start=\"7666\" data-end=\"7999\">Marka tan\u0131t\u0131m\u0131n\u0131n nihai hedeflerinden biri, kullan\u0131c\u0131da g\u00fcven duygusu olu\u015fturmakt\u0131r. G\u00fcven, tek bir i\u00e7erikle de\u011fil, tutarl\u0131 ve kaliteli ileti\u015fimle zaman i\u00e7inde in\u015fa edilir. \u0130\u00e7erik pazarlamas\u0131, markan\u0131n bilgi birikimini ve uzmanl\u0131\u011f\u0131n\u0131 sergilemesine olanak tan\u0131rken; sosyal medya, bu uzmanl\u0131\u011f\u0131n s\u00fcrekli ve eri\u015filebilir olmas\u0131n\u0131 sa\u011flar.<\/p>\n<p style=\"text-align: justify;\" data-start=\"8001\" data-end=\"8353\">Kullan\u0131c\u0131, bir markan\u0131n i\u00e7eriklerini d\u00fczenli olarak takip etti\u011finde ve bu i\u00e7eriklerden fayda sa\u011flad\u0131\u011f\u0131nda, markay\u0131 referans noktas\u0131 olarak g\u00f6rmeye ba\u015flar. Bu alg\u0131, sat\u0131n alma kararlar\u0131n\u0131 do\u011frudan etkileyen en \u00f6nemli fakt\u00f6rlerden biridir. Dolay\u0131s\u0131yla <strong data-start=\"8251\" data-end=\"8289\">i\u00e7erik pazarlamas\u0131 ve sosyal medya<\/strong>, yaln\u0131zca tan\u0131t\u0131m de\u011fil, ayn\u0131 zamanda itibar y\u00f6netimi arac\u0131d\u0131r.<\/p>\n<p style=\"text-align: justify;\" data-start=\"8360\" data-end=\"8854\">Markan\u0131z\u0131 dijital d\u00fcnyada g\u00fc\u00e7l\u00fc bir konuma ta\u015f\u0131mak istiyorsan\u0131z, <strong data-start=\"8425\" data-end=\"8463\">i\u00e7erik pazarlamas\u0131 ve sosyal medya<\/strong> \u00e7al\u0131\u015fmalar\u0131n\u0131 birbirinden ba\u011f\u0131ms\u0131z de\u011fil, b\u00fct\u00fcnc\u00fcl bir strateji olarak ele almal\u0131s\u0131n\u0131z. De\u011fer \u00fcreten, teknik do\u011frulu\u011fu y\u00fcksek ve hedef kitleye uygun i\u00e7erikler; do\u011fru sosyal medya planlamas\u0131yla birle\u015fti\u011finde markan\u0131z i\u00e7in s\u00fcrd\u00fcr\u00fclebilir bir g\u00f6r\u00fcn\u00fcrl\u00fck ve g\u00fcven sa\u011flar. Bu yakla\u015f\u0131m, k\u0131sa vadeli kazan\u0131mlar\u0131n \u00f6tesine ge\u00e7erek uzun vadeli marka de\u011feri olu\u015fturman\u0131n en etkili yollar\u0131ndan biridir.<\/p>\n","protected":false},"excerpt":{"rendered":"<p>Dijital d\u00fcnyada rekabet her ge\u00e7en g\u00fcn daha da yo\u011funla\u015f\u0131yor. Art\u0131k yaln\u0131zca iyi bir \u00fcr\u00fcn veya hizmet sunmak, markalar\u0131n s\u00fcrd\u00fcr\u00fclebilir ba\u015far\u0131 elde etmesi i\u00e7in yeterli olmuyor. Kullan\u0131c\u0131lar\u0131n dikkatini \u00e7ekmek, g\u00fcvenini kazanmak ve uzun vadeli bir ili\u015fki kurmak i\u00e7in i\u00e7erik pazarlamas\u0131 ve sosyal medya stratejilerinin birlikte ve bilin\u00e7li \u015fekilde y\u00f6netilmesi gerekiyor. Bu iki alan, do\u011fru kurguland\u0131\u011f\u0131nda markalar\u0131n [&hellip;]<\/p>\n","protected":false},"author":7,"featured_media":17459,"comment_status":"closed","ping_status":"closed","sticky":false,"template":"","format":"standard","meta":{"footnotes":""},"categories":[65,32],"tags":[1960,2203,73],"class_list":["post-17458","post","type-post","status-publish","format-standard","has-post-thumbnail","category-icerik-pazarlama","category-sosyal-medya","tag-dijital-pazarlama-stratejileri","tag-icerik-pazarlamasi","tag-sosyal-medya"],"_links":{"self":[{"href":"https:\/\/sh.com.tr\/blog\/wp-json\/wp\/v2\/posts\/17458","targetHints":{"allow":["GET"]}}],"collection":[{"href":"https:\/\/sh.com.tr\/blog\/wp-json\/wp\/v2\/posts"}],"about":[{"href":"https:\/\/sh.com.tr\/blog\/wp-json\/wp\/v2\/types\/post"}],"author":[{"embeddable":true,"href":"https:\/\/sh.com.tr\/blog\/wp-json\/wp\/v2\/users\/7"}],"replies":[{"embeddable":true,"href":"https:\/\/sh.com.tr\/blog\/wp-json\/wp\/v2\/comments?post=17458"}],"version-history":[{"count":1,"href":"https:\/\/sh.com.tr\/blog\/wp-json\/wp\/v2\/posts\/17458\/revisions"}],"predecessor-version":[{"id":17529,"href":"https:\/\/sh.com.tr\/blog\/wp-json\/wp\/v2\/posts\/17458\/revisions\/17529"}],"wp:featuredmedia":[{"embeddable":true,"href":"https:\/\/sh.com.tr\/blog\/wp-json\/wp\/v2\/media\/17459"}],"wp:attachment":[{"href":"https:\/\/sh.com.tr\/blog\/wp-json\/wp\/v2\/media?parent=17458"}],"wp:term":[{"taxonomy":"category","embeddable":true,"href":"https:\/\/sh.com.tr\/blog\/wp-json\/wp\/v2\/categories?post=17458"},{"taxonomy":"post_tag","embeddable":true,"href":"https:\/\/sh.com.tr\/blog\/wp-json\/wp\/v2\/tags?post=17458"}],"curies":[{"name":"wp","href":"https:\/\/api.w.org\/{rel}","templated":true}]}}