{"id":1861,"date":"2020-10-05T06:30:43","date_gmt":"2020-10-05T06:30:43","guid":{"rendered":"https:\/\/blog.sh.com.tr\/?p=1861"},"modified":"2020-10-05T06:30:43","modified_gmt":"2020-10-05T06:30:43","slug":"pandemi-sonrasi-iyilesme-sureci-icin-5-dijital-pazarlama-tahmini","status":"publish","type":"post","link":"https:\/\/sh.com.tr\/blog\/pandemi-sonrasi-iyilesme-sureci-icin-5-dijital-pazarlama-tahmini\/","title":{"rendered":"Pandemi sonras\u0131 iyile\u015fme s\u00fcreci i\u00e7in 5 dijital pazarlama tahmini"},"content":{"rendered":"<p style=\"text-align: justify;\">COVID-19 pandemisi, i\u015fletmeleri ve ekonomiyi a\u011f\u0131r bi\u00e7imde etkiledi. Pandemi \u015fartlar\u0131nda bir\u00e7ok \u015firket,\u00a0<u>dijital s\u00fcre\u00e7leri benimsemenin h\u0131zlanmas\u0131na<\/u>\u00a0ve de\u011fi\u015fen t\u00fcketici ihtiya\u00e7lar\u0131na k\u0131sa vadeli \u00e7\u00f6z\u00fcmlerle yan\u0131t verdi. Dijital ortama ge\u00e7i\u015f devam edece\u011finden, bu durumun bu y\u0131l\u0131n kalan\u0131nda ve 2021&#8217;e girerken ne anlama gelece\u011fini de\u011ferlendirmek gerekiyor. Karantina s\u00fcresince yard\u0131m\u0131m\u0131za dijital ara\u00e7lar ko\u015ftu. \u0130yile\u015fme s\u00fcrecini yine bu ara\u00e7lar h\u0131zland\u0131racak. Peki bu s\u00fcre\u00e7te ba\u015fka hangi \u00f6\u011feler \u00f6nem ta\u015f\u0131yor? Stratejik \u00e7al\u0131\u015fmalara odaklanman\u0131za ve i\u015fletmenizi yeniden b\u00fcy\u00fctmenize yard\u0131mc\u0131 olmak amac\u0131yla, bu pandemi sonras\u0131 ekonomik iyile\u015fme i\u00e7in be\u015f tahmin sunuyoruz.<\/p>\n<h2 style=\"text-align: justify;\">1. Dijital d\u00f6n\u00fc\u015f\u00fcm, ekonomik iyile\u015fme ve ticari b\u00fcy\u00fcmenin h\u0131zlanmas\u0131 i\u00e7in kilit rol \u00fcstlenecek<\/h2>\n<p style=\"text-align: justify;\">Yakla\u015fan 2021 y\u0131l\u0131nda belirsizlik sona erecek gibi g\u00f6r\u00fcnmedi\u011finden, i\u015fletmelerin k\u0131sa vadeli \u00e7\u00f6z\u00fcmler yerine uzun vadeli dijital d\u00f6n\u00fc\u015f\u00fcme odaklanmas\u0131 gerekiyor. T\u00fcketici davran\u0131\u015f\u0131n\u0131n online al\u0131\u015fveri\u015fe do\u011fru kal\u0131c\u0131 \u015fekilde kayaca\u011f\u0131\u00a0<u>zaten \u00f6ng\u00f6r\u00fclm\u00fc\u015ft\u00fc<\/u>. T\u00fcketicilerin ihtiya\u00e7lar\u0131 ve ilgi alanlar\u0131 h\u0131zla de\u011fi\u015firken m\u00fc\u015fteri yolculuklar\u0131 gittik\u00e7e sanalla\u015ft\u0131.<\/p>\n<p style=\"text-align: justify;\">Bu de\u011fi\u015fen talebi yakalamak amac\u0131yla kurulu\u015flar\u0131n i\u015f modellerini ba\u015ftan a\u015fa\u011f\u0131 g\u00f6zden ge\u00e7irmesi, \u00e7eviklik i\u00e7in yap\u0131land\u0131rmaya gitmesi, teknik kapasitesini art\u0131rmas\u0131 ve veri temelli kararlara \u00f6ncelik vermesi gerekiyor. Dalgalanan talebi yakalamak ve pazarlama harcaman\u0131zdan daha y\u00fcksek de\u011fer elde etmek i\u00e7in ak\u0131ll\u0131 otomasyon ve \u00f6l\u00e7\u00fcm y\u00f6ntemleri yararl\u0131 olabilir. Dijital olgunlu\u011fa eri\u015fmi\u015f \u015firketler,\u00a0<u>\u015feffaf de\u011fer de\u011fi\u015fim \u00e7er\u00e7evesi<\/u>\u00a0temelinde birinci taraf veri stratejilerini kullanarak uzun vadeli m\u00fc\u015fteri ili\u015fkileri kurma konusunda \u00fcst\u00fcnl\u00fck sa\u011flayabilir. De\u011fi\u015fen t\u00fcketici ihtiya\u00e7lar\u0131 konusunda ekiplerin dikkatli ve duyarl\u0131 olmas\u0131 sa\u011fland\u0131\u011f\u0131 takdirde bu dinamik s\u00fcre\u00e7te rekabet\u00e7i kal\u0131nabilir.<\/p>\n<p style=\"text-align: justify;\">Dijital s\u00fcre\u00e7leri benimsemenin d\u00fcnya genelinde h\u0131zlanmas\u0131,\u00a0<u>dijital pazarlamada olgunlu\u011fa eri\u015fme<\/u>\u00a0ihtiyac\u0131n\u0131 yaln\u0131zca art\u0131rd\u0131. Dijital pazarlama d\u00f6n\u00fc\u015f\u00fcm\u00fcn\u00fc h\u0131zland\u0131rmak amac\u0131yla bu f\u0131rsattan yararlanan i\u015fletmeler, bug\u00fcn\u00fcn pazarlara yan\u0131t verme konusunda daha \u00e7evik olmakla kalmay\u0131p gelecek i\u00e7in de daha s\u00fcrd\u00fcr\u00fclebilir bir \u00e7er\u00e7eveye sahip olacak.<\/p>\n<h2 style=\"text-align: justify;\">2. E-ticaretin gittik\u00e7e benimsenmesi, \u00e7oklu kanal\u0131n de\u011fi\u015fmesinin gereklili\u011fini art\u0131r\u0131yor<\/h2>\n<p style=\"text-align: justify;\">D\u00fcnya tepetaklak olmu\u015fken ma\u011faza deneyiminin toparlanman\u0131za y\u00f6nelik nas\u0131l bir ama\u00e7 veya potansiyel ta\u015f\u0131yabilece\u011fini g\u00f6rmezden gelmek \u00e7ok kolay. Kalabal\u0131k, da\u011f\u0131n\u0131k ve d\u00fczensiz ma\u011fazalar, offline al\u0131\u015fveri\u015f yapan m\u00fc\u015fterilerin genellikle can\u0131n\u0131 s\u0131kan noktalar oluyor. Pandemi nedeniyle ma\u011faza ziyaret\u00e7ilerinin s\u0131n\u0131rl\u0131 olmas\u0131, uzun kuyruklar ve sa\u011fl\u0131k riskleri ayr\u0131 birer sorun te\u015fkil ediyor. Offline i\u015flemler online hale geldi\u011finden, salg\u0131n son birka\u00e7 ayda h\u0131zl\u0131 bir dijitalle\u015fme hareketini de tetikledi.<\/p>\n<p style=\"text-align: justify;\">Fakat hikayenin devam\u0131 da var. M\u00fc\u015fteriler, sorunsuz m\u00fc\u015fteri yolculu\u011fu beklentisiyle, kanallar aras\u0131nda hi\u00e7 olmad\u0131\u011f\u0131 kadar gezinip offline ve online i\u015flemleri tek al\u0131\u015fveri\u015fte birle\u015ftiriyor. Bu nedenle, fiziksel al\u0131\u015fveri\u015f deneyimi hayati \u00f6nemini s\u00fcrd\u00fcrebilir ve s\u00fcrd\u00fcrecektir. Offline al\u0131\u015fveri\u015f yapan m\u00fc\u015fteriler, ihtiya\u00e7lar\u0131n\u0131n acilen giderilmesinin yan\u0131 s\u0131ra dokunsal ve fiziksel deneyim iste\u011fi gibi temel talepler nedeniyle bu y\u00f6nteme y\u00f6neliyor.<\/p>\n<p style=\"text-align: justify;\">Yar\u0131n\u0131n perakendecilerinin rahat ve g\u00fcvenli bir ortam yaratmalar\u0131, fiziksel ma\u011fazalar\u0131n\u0131 m\u00fc\u015fterilerin de\u011fer verdi\u011fi \u00f6zelliklere \u00f6ncelik veren \u00e7ok kanall\u0131, etkile\u015fimli vitrinlere d\u00f6n\u00fc\u015ft\u00fcrerek ma\u011faza deneyimini yeniden hayal etmeleri gerekecek. Karar verici etkinler aras\u0131nda, online sat\u0131n al\u0131nan \u00fcr\u00fcn\u00fc ma\u011fazadan teslim alma se\u00e7ene\u011finin yan\u0131 s\u0131ra self-checkout ve temass\u0131z mobil veya online \u00f6deme gibi \u00e7e\u015fitli \u00f6deme y\u00f6ntemleri yer al\u0131yor.\u00a0Grow My Store\u00a0arac\u0131, perakende sitenizi bu etkenler \u00fczerinden de\u011ferlendirmenize yard\u0131mc\u0131 olabilir. B\u00f6ylece, m\u00fc\u015fterilerin en \u00f6nem verdi\u011fi noktalar\u0131 onlara sunabilirsiniz.<\/p>\n<h2 style=\"text-align: justify;\">3. Uygulamalar b\u00fcy\u00fcmenizi sa\u011flar, ancak sundu\u011funuz deneyim \u00e7ok \u00f6nemli<\/h2>\n<p style=\"text-align: justify;\">Uygulamalar art\u0131k hayat\u0131m\u0131z\u0131n bir par\u00e7as\u0131 oldu. Evimizin g\u00fcvenli\u011finde ileti\u015fim kurmam\u0131za, sa\u011fl\u0131kl\u0131 kalmam\u0131za ve bilgi almam\u0131za olanak sa\u011flad\u0131. 2020&#8217;nin ba\u015f\u0131nda, d\u00fcnya n\u00fcfusunun \u00f6nemli k\u0131sm\u0131 bir \u015fekilde karantinada oldu\u011fundan\u00a0<u>uygulamalarda ge\u00e7irilen zaman %20 oran\u0131nda artt\u0131<\/u>. Ekonomik toparlanma i\u00e7in \u00e7abalad\u0131\u011f\u0131m\u0131z g\u00fcnlerde uygulamalar, i\u015fletmelerin sosyal mesafeyi sa\u011flay\u0131p fiyatlar\u0131 d\u00fc\u015f\u00fcrmesini, hizmet ve m\u00fc\u015fteri memnuniyetini art\u0131rmas\u0131na olanak tan\u0131yacak. \u00d6rne\u011fin, sat\u0131\u015flar\u0131n \u00f6n sipari\u015fler ile daha do\u011fru \u015fekilde tahmin edilebilmesi, bu s\u00fcrece yard\u0131mc\u0131 olacak.<\/p>\n<p style=\"text-align: justify;\">\u00d6rnek olarak\u00a0<u>Starbucks<\/u>&#8216;\u0131 d\u00fc\u015f\u00fcnelim. Bu kahve \u015firketi, uygulamadan sipari\u015f \u00f6zelli\u011fini kullanarak hem ma\u011fazalar\u0131 a\u00e7may\u0131 hem sosyal mesafeyi s\u00fcrd\u00fcrmeyi ba\u015fard\u0131. Uygulamaya yat\u0131r\u0131m yapmak, zincirin ma\u011fazada bekleme s\u00fcresini azaltmas\u0131n\u0131 ve yo\u011fun saatlerde sonu gelmeyen kuyruklar\u0131 k\u0131saltmas\u0131n\u0131 sa\u011flad\u0131. Hatta \u015firket, fiziksel ma\u011fazalar yerine uygulama i\u00e7inde sipari\u015f vermeye odakl\u0131 bir modele ge\u00e7i\u015f yap\u0131yor. Bu sayede m\u00fc\u015fterilerin daha k\u00fc\u00e7\u00fck fiziksel ayak izi ile kahve almas\u0131 kolayla\u015facak. Uygulama sipari\u015fleri, sosyal mesafeyi sa\u011flaman\u0131n yan\u0131 s\u0131ra, genel olarak\u00a0<u>perakendeciler i\u00e7in<\/u>\u00a0%37 daha fazla gelir kazand\u0131rd\u0131. Karantina d\u00f6neminde fintek uygulamalar\u0131na da ilgi \u00e7ok b\u00fcy\u00fckt\u00fc. Di\u011fer yandan nakit, ATM ve \u015fube\u00a0<u>kullan\u0131m\u0131 %60 oran\u0131nda azald\u0131<\/u>. Bu durum, finansal hizmetlerde dijital s\u00fcre\u00e7lerin daha h\u0131zl\u0131 bir \u015fekilde benimsenmesini sa\u011flad\u0131 ve\u00a0<u>fintek uygulamalar\u0131n\u0131n kullan\u0131m\u0131<\/u>\u00a0%72 oran\u0131nda artt\u0131.<\/p>\n<p style=\"text-align: justify;\">\u00c7e\u015fitli sekt\u00f6rlerdeki markalar, uygulamalar\u0131na yat\u0131r\u0131m yaparak ekonomik toparlanma s\u0131ras\u0131nda t\u00fcketicilere yard\u0131mc\u0131 olabilir. Web site deneyimini kopyalamak yerine uygulamalar\u0131n\u0131 stratejik bir \u015fekilde geli\u015ftirerek m\u00fc\u015fteriler i\u00e7in ek de\u011fer sa\u011flamak \u00f6nemli. \u00d6rne\u011fin, oteller i\u00e7in uzaktan check-in ve \u00f6d\u00fcl programlar\u0131 gibi yard\u0131mc\u0131 i\u015flevler eklenebilir. Bu \u015fekilde, m\u00fc\u015fteriler sevdikleri markalarla kolayca, s\u0131kl\u0131kla ve yeni y\u00f6ntemlerle etkile\u015fim kurabilir.<\/p>\n<h2 style=\"text-align: justify;\">4. S\u0131n\u0131r \u00f6tesi al\u0131\u015fveri\u015f davran\u0131\u015flar\u0131 ve uluslararas\u0131 ticaretin yeniden geli\u015fimi<\/h2>\n<p style=\"text-align: justify;\">EMEA b\u00f6lgesinde uluslararas\u0131 al\u0131\u015fveri\u015f yapan m\u00fc\u015fterilerin yakla\u015f\u0131k yar\u0131s\u0131, k\u00fcresel lojistik zincirindeki kesintilerin yol a\u00e7t\u0131\u011f\u0131 uzun kargo s\u00fcreleri ve artan rahats\u0131zl\u0131\u011fa ra\u011fmen pandemi \u00f6ncesinden bu yana s\u0131n\u0131r \u00f6tesi al\u0131\u015fveri\u015f davran\u0131\u015flar\u0131n\u0131 de\u011fi\u015ftirmedi.<\/p>\n<p style=\"text-align: justify;\">Bununla birlikte, COVID-19 salg\u0131n\u0131n\u0131n sonucu olarak yeni s\u0131n\u0131r \u00f6tesi trendler ortaya \u00e7\u0131kt\u0131.\u00a0<u>Ara\u015ft\u0131rmaya g\u00f6re<\/u>, Bat\u0131 Avrupa&#8217;daki insanlar\u0131n %20-40&#8217;l\u0131k k\u0131sm\u0131, yiyecek ve ki\u015fisel bak\u0131m \u00fcr\u00fcnlerini salg\u0131n \u00f6ncesine g\u00f6re artan s\u0131kl\u0131kla internetten sat\u0131n al\u0131yor. Ayr\u0131ca, dijital s\u00fcre\u00e7leri benimsemenin h\u0131zlanmas\u0131yla EMEA b\u00f6lgesi t\u00fcketicilerinin %12-25&#8217;i daha s\u0131k aral\u0131klarla s\u0131n\u0131r \u00f6tesi al\u0131\u015fveri\u015f yap\u0131yor.<\/p>\n<p style=\"text-align: justify;\">M\u00fc\u015fterilerin s\u0131n\u0131r \u00f6tesi al\u0131\u015fveri\u015flerini art\u0131rma sebepleri aras\u0131nda a\u015fa\u011f\u0131dakiler yer al\u0131yor:<\/p>\n<ul style=\"text-align: justify;\">\n<li>\u0130nternette daha fazla zaman ge\u00e7irme ve yeni \u00fcr\u00fcnler ke\u015ffetme<\/li>\n<li>Karantina d\u00f6neminde online al\u0131\u015fveri\u015fin ma\u011fazadan yap\u0131lan al\u0131\u015fveri\u015ften daha rahat olmas\u0131<\/li>\n<li>\u00dcr\u00fcnlerin yerel b\u00f6lgede bulunmamas\u0131 ve internette daha geni\u015f fiyat veya \u00fcr\u00fcn se\u00e7ene\u011finin olmas\u0131<\/li>\n<\/ul>\n<p style=\"text-align: justify;\">Uluslararas\u0131 ticaret, pandemi sonras\u0131 d\u00fcnyada ticari h\u0131zlanmay\u0131 sa\u011flamada kilit rol oynayacak. K\u00fcresel ticaretin \u00f6n\u00fcm\u00fczdeki be\u015f y\u0131lda yo\u011funla\u015fmas\u0131 beklendi\u011finden, bu k\u00fcresel talepten pay\u0131n\u0131 almak ve i\u015fletmelerinin gelecekte ba\u015far\u0131l\u0131 olmas\u0131n\u0131 sa\u011flamak i\u00e7in \u015firketlerin yeni co\u011frafi stratejiler geli\u015ftirerek \u00e7e\u015fitlendi\u011fini g\u00f6rece\u011fiz. \u0130\u015fletmeler, pandemi d\u00f6nemindeki performans\u0131 ve\u00a0<u>Market Finder<\/u>\u00a0arac\u0131n\u0131 ba\u015flang\u0131\u00e7 noktas\u0131 olarak kullan\u0131p girecekleri en iyi pazarlar\u0131 arayarak bu s\u00fcrece haz\u0131rlanabilir.<\/p>\n<h2 style=\"text-align: justify;\">5. 2021 planlamas\u0131n\u0131n merkezinde m\u00fc\u015fteri trendleri olacak<\/h2>\n<p style=\"text-align: justify;\">Pandemi s\u00fcrecinde, t\u00fcketici davran\u0131\u015f\u0131nda h\u0131zla ger\u00e7ekle\u015fen de\u011fi\u015fimler g\u00f6rd\u00fck. Bu de\u011fi\u015fimlerin \u00e7o\u011fu yeni de\u011fildi, zaten ger\u00e7ekle\u015fiyordu, sadece COVID-19 salg\u0131n\u0131 nedeniyle h\u0131zland\u0131.\u00a0<u>Kriz d\u00f6neminde kan\u0131tlad\u0131\u011f\u0131m\u0131z \u00fczere<\/u>, insanlar\u0131n nas\u0131l arama yapt\u0131\u011f\u0131 ve neyi arad\u0131\u011f\u0131yla ilgili de\u011fi\u015fimleri g\u00f6zlemleyebiliriz. Bug\u00fcn m\u00fc\u015fteriler, a\u015fa\u011f\u0131daki noktalarda hi\u00e7 olmad\u0131\u011f\u0131 kadar etkili:<\/p>\n<ul style=\"text-align: justify;\">\n<li><b>M\u00fc\u015fteriler, i\u015fletmeleri inovasyona itiyor.<\/b>\u00a0Dijital \u00e7\u00f6z\u00fcmlere artan ilgi, inovasyon i\u00e7in yeni alanlar a\u00e7t\u0131 (\u00f6r. \u0130spanya&#8217;da bir \u00f6nceki y\u0131la g\u00f6re %1000 artan &#8220;<u>sanal spor salonu<\/u>&#8221; aramalar\u0131).<\/li>\n<li><b>M\u00fc\u015fteriler, canl\u0131 bilgilere daha fazla ihtiya\u00e7 duyuyor.<\/b>&#8220;Yak\u0131nlar\u0131ndaki&#8221; ve &#8220;\u015fu an a\u00e7\u0131k&#8221; i\u015fletmeleri ar\u0131yorlar ve Fransa&#8217;daki\u00a0<u>birlikte al\u0131\u015fveri\u015fe gidebilir miyiz<\/u>\u00a0aramas\u0131n\u0131n da g\u00f6sterdi\u011fi gibi, belirli konular hakk\u0131nda arama yaparak s\u00fcrekli de\u011fi\u015fen \u015fartlara ayak uydurmaya \u00e7al\u0131\u015f\u0131yorlar.<\/li>\n<li><b>M\u00fc\u015fterilerin t\u00fcm \u00fcr\u00fcn kategorileri i\u00e7in de\u011fi\u015fken beklentileri var.<\/b>\u00a0Ma\u011fazadan teslim ald\u0131klar\u0131 \u00fcr\u00fcnlerin do\u011frudan evlerine gelmesini istiyorlar. Yeni, \u00f6zel aramalar ortaya \u00e7\u0131kt\u0131 (\u00f6r. Birle\u015fik Krall\u0131k&#8217;ta\u00a0<u>&#8220;\u00f6\u011fleden sonra \u00e7ay\u0131 servisi&#8221;<\/u>).<\/li>\n<li><b>M\u00fc\u015fteri davran\u0131\u015flar\u0131ndaki gittik\u00e7e dinamikle\u015fen de\u011fi\u015fimler, talebi \u015fekillendiriyor.<\/b>\u00a0Almanya&#8217;da\u00a0<u>&#8220;online al\u0131\u015fveri\u015f&#8221;<\/u>\u00a0i\u00e7in arama ilgisi \u00f6nceki y\u0131la g\u00f6re %80 artt\u0131 ve ekonomik toparlanma a\u015famas\u0131na girilirken bu say\u0131 gittik\u00e7e b\u00fcy\u00fcyor.<\/li>\n<\/ul>\n<p style=\"text-align: justify;\">\u00d6n\u00fcm\u00fczdeki 6-12 ayda sekt\u00f6r de\u011fi\u015fimlerine haz\u0131rl\u0131kl\u0131 olmak i\u00e7in i\u015fletmelerin t\u00fcketici davran\u0131\u015f\u0131ndaki bu de\u011fi\u015fimlere odaklanmas\u0131 gerekiyor \u00e7\u00fcnk\u00fc bunlar, iyile\u015fme ve b\u00fcy\u00fcme a\u00e7\u0131s\u0131ndan hayati \u00f6nem ta\u015f\u0131yor. \u0130\u015fletmeler i\u00e7in a\u015fa\u011f\u0131daki konular gittik\u00e7e daha \u00f6nemli olacak:<\/p>\n<ul style=\"text-align: justify;\">\n<li>Analizlerden yararlanmak ve\u00a0<u>t\u00fcketici de\u011fi\u015fimlerini anlamak<\/u><\/li>\n<li>\u00c7evik olmak ve de\u011fi\u015fen bu ihtiya\u00e7lara hem erkenden hem s\u0131k bir \u015fekilde yan\u0131t vermek<\/li>\n<li>Do\u011fru zamanda do\u011fru bilgi almay\u0131 \u00f6\u011frenmek i\u00e7in verilerden yararlanmak<\/li>\n<li>M\u00fc\u015fterilerle g\u00fcven ortam\u0131 sa\u011flamaya devam etmek i\u00e7in verilerden yararlan\u0131lan bu yakla\u015f\u0131mda gizlili\u011fe \u00f6ncelik vermek<\/li>\n<\/ul>\n<p style=\"text-align: justify;\">Pazarlamac\u0131lar olarak, m\u00fc\u015fteri ihtiya\u00e7lar\u0131na ayak uydurmak ve en yararl\u0131 deneyimleri sunmak i\u00e7in \u00e7al\u0131\u015f\u0131yoruz. \u015eu anda, \u00f6zellikle de b\u00f6yle bir de\u011fi\u015fim s\u00fcrecinde, bu ama\u00e7la \u00e7al\u0131\u015fmak \u00fcrk\u00fct\u00fcc\u00fc olabilir. Ancak bu d\u00f6rt ilkeyi benimsemek 2021&#8217;de b\u00fcy\u00fcme ve toparlanmaya y\u00f6nelik \u00e7al\u0131\u015fman\u0131za olanak tan\u0131yacak.<\/p>\n<p style=\"text-align: justify;\">Kaynak :\u00a0 Think Whith Google<\/p>\n<p style=\"text-align: justify;\">https:\/\/www.thinkwithgoogle.com\/intl\/tr-tr\/icgoruler\/t%C3%BCketici-trendleri\/pandemi-sonrasi-ekonomik-iyilesme\/<\/p>\n","protected":false},"excerpt":{"rendered":"<p>COVID-19 pandemisi, i\u015fletmeleri ve ekonomiyi a\u011f\u0131r bi\u00e7imde etkiledi. Pandemi \u015fartlar\u0131nda bir\u00e7ok \u015firket,\u00a0dijital s\u00fcre\u00e7leri benimsemenin h\u0131zlanmas\u0131na\u00a0ve de\u011fi\u015fen t\u00fcketici ihtiya\u00e7lar\u0131na k\u0131sa vadeli \u00e7\u00f6z\u00fcmlerle yan\u0131t verdi. Dijital ortama ge\u00e7i\u015f devam edece\u011finden, bu durumun bu y\u0131l\u0131n kalan\u0131nda ve 2021&#8217;e girerken ne anlama gelece\u011fini de\u011ferlendirmek gerekiyor. Karantina s\u00fcresince yard\u0131m\u0131m\u0131za dijital ara\u00e7lar ko\u015ftu. \u0130yile\u015fme s\u00fcrecini yine bu ara\u00e7lar h\u0131zland\u0131racak. Peki bu [&hellip;]<\/p>\n","protected":false},"author":3,"featured_media":1898,"comment_status":"closed","ping_status":"closed","sticky":false,"template":"","format":"standard","meta":{"footnotes":""},"categories":[3],"tags":[],"class_list":["post-1861","post","type-post","status-publish","format-standard","has-post-thumbnail","category-dijital-pazarlama"],"_links":{"self":[{"href":"https:\/\/sh.com.tr\/blog\/wp-json\/wp\/v2\/posts\/1861","targetHints":{"allow":["GET"]}}],"collection":[{"href":"https:\/\/sh.com.tr\/blog\/wp-json\/wp\/v2\/posts"}],"about":[{"href":"https:\/\/sh.com.tr\/blog\/wp-json\/wp\/v2\/types\/post"}],"author":[{"embeddable":true,"href":"https:\/\/sh.com.tr\/blog\/wp-json\/wp\/v2\/users\/3"}],"replies":[{"embeddable":true,"href":"https:\/\/sh.com.tr\/blog\/wp-json\/wp\/v2\/comments?post=1861"}],"version-history":[{"count":0,"href":"https:\/\/sh.com.tr\/blog\/wp-json\/wp\/v2\/posts\/1861\/revisions"}],"wp:featuredmedia":[{"embeddable":true,"href":"https:\/\/sh.com.tr\/blog\/wp-json\/wp\/v2\/media\/1898"}],"wp:attachment":[{"href":"https:\/\/sh.com.tr\/blog\/wp-json\/wp\/v2\/media?parent=1861"}],"wp:term":[{"taxonomy":"category","embeddable":true,"href":"https:\/\/sh.com.tr\/blog\/wp-json\/wp\/v2\/categories?post=1861"},{"taxonomy":"post_tag","embeddable":true,"href":"https:\/\/sh.com.tr\/blog\/wp-json\/wp\/v2\/tags?post=1861"}],"curies":[{"name":"wp","href":"https:\/\/api.w.org\/{rel}","templated":true}]}}