{"id":2610,"date":"2020-11-09T06:00:49","date_gmt":"2020-11-09T06:00:49","guid":{"rendered":"https:\/\/blog.sh.com.tr\/?p=2610"},"modified":"2021-02-19T10:09:12","modified_gmt":"2021-02-19T10:09:12","slug":"icloud-nedir-temel-ozellikleri-nelerdir","status":"publish","type":"post","link":"https:\/\/sh.com.tr\/blog\/icloud-nedir-temel-ozellikleri-nelerdir\/","title":{"rendered":"iCloud Nedir? Temel \u00d6zellikleri Nelerdir?"},"content":{"rendered":"<p><strong><b>iCloud Nedir? Temel \u00d6zellikleri Nelerdir?<\/b><\/strong><\/p>\n<p><u>\u0130Cloud, temel nitelikleri<\/u>\u00a0hakk\u0131nda detaylarda, \u0130Cloud\u2019un \u00f6zel bir depolama alan\u0131 oldu\u011funa, 5 GB\u2019a kadar \u00fccretsiz kullan\u0131m, dijital varl\u0131klar\u0131 depolama, ayg\u0131tlar \u00fczerinden depolama alan\u0131n\u0131 y\u00f6netilebilme \u00f6zelliklerine sahip oldu\u011funa de\u011finilir. <strong><b>\u0130Cloud i<\/b><\/strong>le bir cihaz \u00fczerinden dijital varl\u0131klar g\u00fcvenle saklanabilirken, varl\u0131klar \u00fczerinde yap\u0131lan de\u011fi\u015fiklikler iCloud bulunan t\u00fcm cihazlarda g\u00fcncellenir.<\/p>\n<p><strong><b>iCloud Hangi Dijital Varl\u0131klar \u0130\u00e7in Kullan\u0131r?<\/b><\/strong><\/p>\n<p><strong><b>iCloud kullan\u0131lan dijital varl\u0131klar<\/b><\/strong>\u00a0\u015fu \u015fekilde s\u0131ralan\u0131r:<\/p>\n<ul>\n<li>Foto\u011fraflar,<\/li>\n<li>Videolar,<\/li>\n<li>Takvimler,<\/li>\n<li>Notlar,<\/li>\n<li>Mesajlar,<\/li>\n<li>Mailler,<\/li>\n<li>An\u0131msat\u0131c\u0131 programlar,<\/li>\n<\/ul>\n<p>T\u00fcm bu dijital varl\u0131klar iCloud ile cihaz ar\u0131zalar\u0131ndan etkilenmeyen g\u00fcvenli bir alanda depolan\u0131r. iCloud \u00fczerinde saklanabilen bu unsurlara ek olarak \u00f6zel sistemlerde kayda al\u0131nabilmektedir.<\/p>\n<p><strong><b>\u0130Cloud Ne \u0130\u015fe Yarar?<\/b><\/strong><\/p>\n<p><u>iCloud\u2019un i\u015flevleri<\/u>\u00a0hakk\u0131nda detaylar \u015fu \u015fekilde s\u0131ralan\u0131r:<\/p>\n<ul>\n<li>iCloud \u0130le Taray\u0131c\u0131 \u00d6zelle\u015ftirme: Safari taray\u0131c\u0131 \u00fczerinden iCloud sekmelerini, yer i\u015faretlerini ve okuma listelerini \u00f6zelle\u015ftirmek m\u00fcmk\u00fcnd\u00fcr. iCloud \u00fczerinde kaydedilen makale i\u00e7erikleri \u00e7evrim d\u0131\u015f\u0131 ko\u015fullarda okunabilirler. Bu kapsamda her hangi bir ara\u015ft\u0131rma yap\u0131l\u0131rken, kaydedilen t\u00fcm makaleler ve web sayfalar\u0131 iCloud olan t\u00fcm cihazlar \u00fczerinden kontrol edilir.<\/li>\n<li><b><\/b><strong><b>\u0130Cloud <\/b><\/strong>\u0130le Cihaz Yedekleme: iCloud\u2019a ba\u011fl\u0131 olan t\u00fcm cihazlar\u0131n i\u00e7eriklerini manuel olarak veya otomatik olarak yedekleme imkan\u0131 bulunur. Yedeklenenler tercih edilen cihazlar \u00fczerinden y\u00f6netilir. Yeni bir cihaz al\u0131nmas\u0131 halinde eski cihazdan yedeklenen t\u00fcm veriler, yeni cihaza iCloud ile aktar\u0131l\u0131r.<\/li>\n<\/ul>\n<p><strong><b>\u0130Cloud Nas\u0131l Kurulur?<\/b><\/strong><\/p>\n<p><strong><b>iCloud kurmak<\/b><\/strong>\u00a0i\u00e7in izlenen ad\u0131mlar \u015fu \u015fekilde s\u0131ralan\u0131r:<\/p>\n<ul>\n<li>\u0130nternet \u00fczerinden <a href=\"https:\/\/www.microsoft.com\/tr-tr\/p\/icloud\/9pktq5699m62?rtc=1&amp;activetab=pivot:overviewtab\" target=\"_blank\" rel=\"noopener\"><u>https:\/\/www.microsoft.com\/tr-tr\/p\/icloud\/9pktq5699m62?rtc=1&amp;activetab=pivot:overviewtab<\/u><\/a>adresine giri\u015f yap\u0131l\u0131r.<\/li>\n<li>Ana sayfan\u0131n sa\u011f\u0131nda yer alan \u2018\u2019 al\u2019\u2019 kutucu\u011funa t\u0131klan\u0131r.<\/li>\n<li>\u0130\u015flem ard\u0131ndan ekrana gelen \u00f6deme bilgileri alan\u0131n\u0131 doldurarak \u2018\u2019 onay\u2019\u2019 kutucu\u011funa t\u0131klan\u0131r.<\/li>\n<li>Cihaz ekran\u0131na gelen iCloud setup dosyas\u0131 \u00fczerine \u00e7ift t\u0131klan\u0131p, \u2018\u2019 next\u2019\u2019 ve \u2018\u2019kur\u2019\u2019 ba\u015fl\u0131klar\u0131 se\u00e7ilir.<\/li>\n<\/ul>\n<p>Bu ad\u0131mlar ard\u0131ndan \u00fccretli bir program olan iCloud cihaza kurulur.<\/p>\n<p><strong><b>iCloud Nas\u0131l Kullan\u0131l\u0131r?<\/b><\/strong><\/p>\n<p><u>iCloud kullanmak<\/u>\u00a0i\u00e7in izlenen ad\u0131mlar \u015fu \u015fekilde s\u0131ralan\u0131r:<\/p>\n<ul>\n<li>Masa\u00fcst\u00fc sa\u011f alt k\u0131sm\u0131ndan \u2018\u2019 Balat Men\u00fc\u2019\u2019 se\u00e7ene\u011fine t\u0131klan\u0131r.<\/li>\n<li>Ekrana gelen liste \u00fczerinden \u2018\u2019Uygulamalar\u2019\u2019 sekmesine t\u0131klan\u0131r.<\/li>\n<li>Yeni pencerede \u2018\u2019 Programlar\u2019\u2019 sekmesine t\u0131klan\u0131r.<\/li>\n<li>Otomatik olarak alana \u00e7\u0131kan \u2018\u2019iCloud\u2019\u2019 dosyas\u0131 \u00fczerine t\u0131klan\u0131p, gelen pencere \u00fczerine Apple kimli\u011fi yaz\u0131l\u0131r. \u0130\u015flem ard\u0131ndan \u2018\u2019ok\u2019\u2019 kutucuna t\u0131klan\u0131r.<\/li>\n<li>Bu ad\u0131m ile t\u00fcm ayg\u0131tlar\u0131n ve i\u00e7eriklerin ayn\u0131 alanda listelendi\u011fi bir pencere ekrana yans\u0131r.<\/li>\n<li>Alan i\u00e7inden saklanmak ve g\u00fcvende tutulmak istenilen i\u00e7eriklerin, ayg\u0131tlar\u0131n t\u00fcm\u00fc t\u0131klama ile i\u015faretlenip, sayfa alt\u0131ndaki \u2018\u2019 uygula\u2019\u2019 komutuna t\u0131klan\u0131r.<\/li>\n<\/ul>\n<p>Bu a\u015famalar sonunda se\u00e7ilen her dosya ve veri ba\u015far\u0131 ile iCloud\u2019a kaydedilir.<\/p>\n<p><strong><b>iCloud \u0130le Ayg\u0131t Konumu Belirlenir Mi?<\/b><\/strong><\/p>\n<p><strong><b>iCloud ile ayg\u0131t konumu tan\u0131mlamak<\/b><\/strong>\u00a0m\u00fcmk\u00fcnd\u00fcr. \u0130Cloud kullan\u0131m a\u015fmalar\u0131nda, ayg\u0131tlar\u0131n ve i\u00e7eriklerin listelendi\u011fi ekran \u00fczerinden se\u00e7imi ger\u00e7ekle\u015ftirilen Apple ayg\u0131tlar, kaybolmalar\u0131 halinde uygulama i\u00e7inden takip edilirler. \u0130Cloud i\u00e7inde tan\u0131ml\u0131 Apple marka bir cihaz kayboldu\u011funda, cihaz \u0130Cloud \u00fczerinden uzaktan kilitlenebilir, takip edilebilir ve i\u00e7inde yer alan t\u00fcm bilgiler silinebilir. Di\u011fer yandan cihaz konumu tercih edilen di\u011fer arkada\u015flar, Apple kullan\u0131c\u0131lar\u0131 payla\u015f\u0131l\u0131r.<\/p>\n<p><strong><b>iCloud Saklama Alan\u0131 Ne Kadar?<\/b><\/strong><\/p>\n<p><u>\u0130Cloud saklama kapasitesi<\/u>\u00a0minimum kullan\u0131m i\u00e7in 5GB olarak belirlenmi\u015ftir. 5GB\u2019a kadar \u00fccretsi kullan\u0131labilen iCloud\u2019un saklama aln\u0131 tercihe ba\u011fl\u0131 olarak y\u00fckseltilir. E-postalar, foto\u011fraflar, belgeler, ayg\u0131t bilgileri, 5GB\u2019dan daha fazla olan ve \u00fccret kar\u015f\u0131l\u0131\u011f\u0131nda istenilen kapasiteye \u00e7\u0131kar\u0131lan bellek alan\u0131nda saklan\u0131rlar. Belirli platformlardan sat\u0131n al\u0131nan y\u00fcksek kapasiteli film, m\u00fczik, tv program\u0131, kitap i\u00e7eriklerini saklamak i\u00e7in <strong><b>iCloud <\/b><\/strong>bellek y\u00fckseltme i\u015flemi yap\u0131l\u0131r. Bu kapsamda dijital unsurlar\u0131n t\u00fcm\u00fc ortak bir alanda koruma alt\u0131na al\u0131n\u0131r.<\/p>\n","protected":false},"excerpt":{"rendered":"<p>iCloud Nedir? Temel \u00d6zellikleri Nelerdir? \u0130Cloud, temel nitelikleri\u00a0hakk\u0131nda detaylarda, \u0130Cloud\u2019un \u00f6zel bir depolama alan\u0131 oldu\u011funa, 5 GB\u2019a kadar \u00fccretsiz kullan\u0131m, dijital varl\u0131klar\u0131 depolama, ayg\u0131tlar \u00fczerinden depolama alan\u0131n\u0131 y\u00f6netilebilme \u00f6zelliklerine sahip oldu\u011funa de\u011finilir. \u0130Cloud ile bir cihaz \u00fczerinden dijital varl\u0131klar g\u00fcvenle saklanabilirken, varl\u0131klar \u00fczerinde yap\u0131lan de\u011fi\u015fiklikler iCloud bulunan t\u00fcm cihazlarda g\u00fcncellenir. iCloud Hangi Dijital Varl\u0131klar \u0130\u00e7in [&hellip;]<\/p>\n","protected":false},"author":3,"featured_media":961,"comment_status":"closed","ping_status":"closed","sticky":false,"template":"","format":"standard","meta":{"footnotes":""},"categories":[1],"tags":[168],"class_list":["post-2610","post","type-post","status-publish","format-standard","has-post-thumbnail","category-sunucu","tag-icloud"],"_links":{"self":[{"href":"https:\/\/sh.com.tr\/blog\/wp-json\/wp\/v2\/posts\/2610","targetHints":{"allow":["GET"]}}],"collection":[{"href":"https:\/\/sh.com.tr\/blog\/wp-json\/wp\/v2\/posts"}],"about":[{"href":"https:\/\/sh.com.tr\/blog\/wp-json\/wp\/v2\/types\/post"}],"author":[{"embeddable":true,"href":"https:\/\/sh.com.tr\/blog\/wp-json\/wp\/v2\/users\/3"}],"replies":[{"embeddable":true,"href":"https:\/\/sh.com.tr\/blog\/wp-json\/wp\/v2\/comments?post=2610"}],"version-history":[{"count":0,"href":"https:\/\/sh.com.tr\/blog\/wp-json\/wp\/v2\/posts\/2610\/revisions"}],"wp:featuredmedia":[{"embeddable":true,"href":"https:\/\/sh.com.tr\/blog\/wp-json\/wp\/v2\/media\/961"}],"wp:attachment":[{"href":"https:\/\/sh.com.tr\/blog\/wp-json\/wp\/v2\/media?parent=2610"}],"wp:term":[{"taxonomy":"category","embeddable":true,"href":"https:\/\/sh.com.tr\/blog\/wp-json\/wp\/v2\/categories?post=2610"},{"taxonomy":"post_tag","embeddable":true,"href":"https:\/\/sh.com.tr\/blog\/wp-json\/wp\/v2\/tags?post=2610"}],"curies":[{"name":"wp","href":"https:\/\/api.w.org\/{rel}","templated":true}]}}