{"id":671,"date":"2020-07-22T09:08:31","date_gmt":"2020-07-22T09:08:31","guid":{"rendered":"https:\/\/blog.sh.com.tr\/?p=671"},"modified":"2020-07-23T09:11:40","modified_gmt":"2020-07-23T09:11:40","slug":"ekonomik-dalgalanmalarda-girisimciligin-rolu","status":"publish","type":"post","link":"https:\/\/sh.com.tr\/blog\/ekonomik-dalgalanmalarda-girisimciligin-rolu\/","title":{"rendered":"Ekonomik Dalgalanmalarda Giri\u015fimcili\u011fin Rol\u00fc"},"content":{"rendered":"<p style=\"text-align: justify;\">Giri\u015fimcilik ve start up son y\u0131llarda bireysel sekt\u00f6r\u00fcn geli\u015fim g\u00f6stermesiyle \u00f6nem arz etmektedir. Giderek artan start up faaliyetleri, T\u00fcrkiye gibi durgun ekonomiye sahip \u00fclkeleri harekete ge\u00e7irmektedir. Giri\u015fimcili\u011fin g\u00fcn\u00fcm\u00fczde art\u0131\u015f g\u00f6stermesi iktisadi ve ekonomi alan\u0131 harekete ge\u00e7irmede \u00f6nemlidir (Zoltan vd., 2001: 235-245, Jack-Anderson, 1999:115). \u00d6zel sekt\u00f6r\u00fcn yeni i\u015f alan\u0131 olu\u015fturma ve istihdam sa\u011flama a\u00e7\u0131s\u0131ndan katk\u0131lar\u0131 yads\u0131namaz. Teknolojinin geli\u015fim g\u00f6stermesiyle birlikte yaz\u0131l\u0131m ve bilgi teknolojileri alan\u0131nda giri\u015fimcilikle birlikte i\u015f g\u00fcc\u00fcn\u00fcn de ivme kazand\u0131\u011f\u0131 g\u00f6r\u00fclmektedir.<\/p>\n<p style=\"text-align: justify;\">\u00a0D\u00fcnya ekonomisi giri\u015fimcilik \u00e7er\u00e7evesince \u015fekil al\u0131p yap\u0131lanmaktad\u0131r, dolay\u0131s\u0131yla k\u00fcresel ekonomiyi y\u00f6n veren bir de\u011ferdir (I\u015f\u0131k vd., 2011). Yarat\u0131c\u0131l\u0131ktan de\u011fi\u015fime, hayalcilikten geli\u015fime sahip olan giri\u015fimciler, ekonomiye y\u00f6n veren giri\u015fimlerin ve iktisadi de\u011fi\u015fimlerin kontrol\u00fcn\u00fc sa\u011flayarak kar\u015f\u0131m\u0131za \u00e7\u0131kmaktad\u0131rlar. \u00a0Teknoloji ve k\u00fcreselle\u015fmenin h\u0131zl\u0131 geli\u015fim ve de\u011fi\u015fim g\u00f6stermesinin sonucunda giri\u015fimler aras\u0131nda rekabet ka\u00e7\u0131n\u0131lmazd\u0131r (GEM, 2013). \u00dcretimlerini tan\u0131tmak i\u00e7in bir\u00e7ok i\u015fletme e-ticaret yoluna gitmi\u015ftir. \u00c7o\u011fu \u015firket ilk ba\u015fta \u00fcr\u00fcn tan\u0131tma i\u00e7in e-ticaret yolunu kullansa da zamanla sat\u0131\u015f yapmak yolunda yeni bir ivme kazanm\u0131\u015ft\u0131r. Ekonomik dalgalanmalar \u00e7er\u00e7evesinde teknolojik geli\u015fmeler ve bu geli\u015fmelerin giri\u015fimcilik \u00fczerine etkileri anlat\u0131lacakt\u0131r.<\/p>\n<p style=\"text-align: justify;\">\u00a0Giri\u015fimciler ya\u015fad\u0131klar\u0131 toplumda misyonlar \u00fcstlenirler ve bu durum bulunduklar\u0131 toplumda ekonomik kalk\u0131nma i\u00e7in \u00f6nemlidir. Ekonomik dalgalanmalara y\u00f6n veren giri\u015fimler ne kadar artarsa i\u015f g\u00fcc\u00fc o kadar anlam bulacakt\u0131r.<\/p>\n<p style=\"text-align: justify;\"><b>EKONOM\u0130K\u00a0<\/b><b>DALGALANMALARA G\u00d6RE G\u0130R\u0130\u015e\u0130M FAAL\u0130YETLER\u0130\u00a0<\/b><\/p>\n<p style=\"text-align: justify;\"><b>\u00a0<\/b>Geli\u015fmekte olan \u00fclkelerde giri\u015fimci say\u0131s\u0131 veya giri\u015fim say\u0131s\u0131 art\u0131k\u00e7a istihdam oran\u0131 o y\u00f6nde artacakt\u0131r ve beraberinde kaliteli ya\u015fam\u0131 da art\u0131racakt\u0131r. Giri\u015fimciler, bilim ve teknolojiyi kullanarak bu alanda yapacaklar\u0131 faaliyetlerle bilim ve teknolojiye hizmet ederler. G\u00fcn\u00fcm\u00fczde de g\u00f6r\u00fcld\u00fc\u011f\u00fc \u00fczere giri\u015fimcilik hem \u00f6zel sekt\u00f6rde hem de kamu sekt\u00f6r\u00fcnde yap\u0131lan bir\u00e7ok \u00e7al\u0131\u015fmayla uluslararas\u0131 alanda kendi \u00fclkelerini tan\u0131t\u0131r veya reklam\u0131n\u0131 yapar.<\/p>\n<p style=\"text-align: justify;\">\u00a0Ekonomik dalgalanmalar, bir yandan politik ekonomik ile ili\u015fkilendirilirken bir yandan teknolojinin geli\u015fimiyle ili\u015fkilendirilebilir. \u00dcretimin al\u0131\u015f\u0131lagelen trendleri ekonomiyi, buna ba\u011fl\u0131 olarak ekonomik dalgalanmalar giri\u015fimcili\u011fi etkilemi\u015ftir.<\/p>\n<p style=\"text-align: justify;\">\u00a01700\u2019lerde i\u015f g\u00fcc\u00fcn\u00fc ele ald\u0131\u011f\u0131m\u0131zda politik olarak kar\u015f\u0131m\u0131za \u00e7\u0131kan olay Frans\u0131z Devrimi iken ekonomik dalgalanman\u0131n ba\u015flang\u0131c\u0131 Sanayi Devrimi olmu\u015ftur. Bu dalga k\u00fcresel ekonominin d\u00f6n\u00fcm noktas\u0131d\u0131r. Giri\u015fimcili\u011fin tarihini ve talihini bu y\u00fczy\u0131la dayand\u0131rmak m\u00fcmk\u00fcnd\u00fcr. Sanayi i\u015fletmelerinde artan verimler elde etmek i\u00e7in emekte i\u015f b\u00f6l\u00fcm\u00fc yoluna gidilmi\u015ftir ve giri\u015fimciler toprak sahibi zenginler olmu\u015ftur (\u0130raz, 2005).<\/p>\n<p style=\"text-align: justify;\">\u00a0Bu s\u00fcre\u00e7te \u00e7elik end\u00fcstrisi teknolojik alanda bir giri\u015fim hareketi olarak ivme kazanm\u0131\u015ft\u0131r. Ekonomiyi kalk\u0131nd\u0131rmak ad\u0131na anonim bankalar ve i\u015f hayat\u0131nda yerini alacak g\u00fcvenilir bankac\u0131l\u0131k sistemi olu\u015fturulmu\u015ftur. Bu d\u00f6nemde pop\u00fclerlik kazanan Marksizm ile i\u015f\u00e7ilerin e\u011fitimi, s\u0131n\u0131fsal ayr\u0131lmalar\u0131n zemine oturtulmas\u0131 ve \u00e7al\u0131\u015fma \u015fartlar\u0131n\u0131n iyile\u015ftirilmesi paralel olarak ilerlemi\u015ftir. S\u00f6z konusu d\u00f6nemin giri\u015fimci kimli\u011fini \u00fcstlenenler devletler ve sermaye sahipleri olmu\u015ftur. Ekonominin belirleyicileri olan bu giri\u015fimciler, s\u0131n\u0131f \u00e7at\u0131\u015fmalar\u0131n\u0131 merkeze al\u0131r ve sonu\u00e7ta i\u015f\u00e7inin \u00f6denmeyen eme\u011finden art\u0131 de\u011fer elde eder.<\/p>\n<p style=\"text-align: justify;\">\u00a0Kapitalizmin \u015fekillendi\u011fi bu d\u00f6nem elektrik ve motor \u00fcretimi ve t\u00fcketimi d\u00f6nemidir, dolay\u0131s\u0131yla teknolojinin \u015fekil ald\u0131\u011f\u0131 bir s\u00fcre\u00e7 s\u00f6z konusudur. Bu d\u00f6nemdeki giri\u015fimler deniz a\u015f\u0131r\u0131 ticarette yo\u011funluk kazan\u0131rken g\u00fcn\u00fcm\u00fczde giri\u015fimlere y\u00f6n veren finansal piyasalar bu d\u00f6nemde geli\u015fme g\u00f6stermeye ba\u015flam\u0131\u015ft\u0131r. Emek piyasas\u0131nda ise emek\u00e7inin (\u00e7ocuk emek\u00e7isinin) i\u015f hayat\u0131nda hi\u00e7bir k\u0131s\u0131tlama getirilmeden emeklerinin s\u00f6m\u00fcr\u00fclmesine devam edilmi\u015ftir. Bu d\u00f6nemdeki giri\u015fimciler sava\u015flardan kar elde etmeye \u00e7al\u0131\u015fan sermayedenlerdir.<\/p>\n<p style=\"text-align: justify;\">\u00a01930\u2019lar\u0131n ba\u015f\u0131nda sosyalizm, kapitalizme \u00e7\u00f6z\u00fcm aramak ad\u0131na d\u00fcnya siyasetinde tart\u0131\u015fma alan\u0131 bulmaya \u00e7al\u0131\u015fm\u0131\u015ft\u0131r. Politik ekonomik alan\u0131n dalgalanmas\u0131 bu d\u00f6nemde kendini g\u00f6stermi\u015ftir. N\u00fckleer enerji, elektronik i\u015flemci gibi teknolojiler bu d\u00f6nemin \u00f6nemli teknolojik yenilikleri olmakla birlikte d\u00f6nemin yat\u0131r\u0131mlar\u0131 da bu alanda yap\u0131lmaktad\u0131r, dolay\u0131s\u0131yla bu d\u00f6nemin giri\u015fimcileri uluslararas\u0131 yat\u0131r\u0131mc\u0131lard\u0131r.<\/p>\n<p style=\"text-align: justify;\">\u00a01990\u2019lardan g\u00fcn\u00fcm\u00fcze kadar politik ekonomik dalgalanmalar\u0131n\u0131 k\u00fcreselle\u015fme ve uluslararas\u0131la\u015fma olu\u015fturmaktad\u0131r. Bu d\u00f6nemin giri\u015fimleri telekom\u00fcnikasyon, bio teknoloji ve bili\u015fim teknolojileri gibi alanlarda b\u00fcy\u00fck yat\u0131r\u0131mlar yap\u0131larak ger\u00e7ekle\u015fmektedir. Bu d\u00f6nemi temsil eden emek, bilgi temelli olmakla birlikte bilgi teknolojilerinin geli\u015fmesiyle mavi yakadan beyaz yaka \u00e7al\u0131\u015fanlar\u0131n\u0131n i\u015f g\u00fcc\u00fc art\u0131\u015f g\u00f6stermektedir. Bu d\u00f6nemin giri\u015fimcileri ise bili\u015fim teknolojileri ve monopolistik medya sekt\u00f6r\u00fc \u00fczerinde yo\u011funla\u015fm\u0131\u015ft\u0131r (\u0130raz, 2005).<\/p>\n<p style=\"text-align: justify;\">\n<p style=\"text-align: justify;\"><b>SONU\u00c7<\/b><\/p>\n<p style=\"text-align: justify;\">\u00a0Sanayi toplumundan bilgi toplumuna ge\u00e7i\u015fle birlikte kolayca her \u015feye eri\u015fim sa\u011flanmakta, b\u00f6ylelikle giri\u015fimciler big data (b\u00fcy\u00fck veri) ile hedef kitlesini olu\u015fturup \u00fcr\u00fcnlerini pazarlayabilmekte, hizmet sunabilmekte ve bilgi \u00fcretiminde elde etti\u011fi verilerle de\u011fi\u015fim sunabilmektedir. Giri\u015fimciler, \u00f6zel sekt\u00f6rle birlikte kamu sekt\u00f6r\u00fcn\u00fcn teknolojiye yapt\u0131\u011f\u0131 yo\u011fun yat\u0131r\u0131mlar\u0131n olu\u015fturduklar\u0131 rekabetle ba\u015f etmeye \u00e7al\u0131\u015fmaktad\u0131r. Her i\u015fletme kendi pazar pay\u0131n\u0131 art\u0131rmakla birlikte kendine bir piyasa alan\u0131 olu\u015fturmaktad\u0131r. Sahip olduklar\u0131 rekabet g\u00fcc\u00fcn\u00fc e-ticaret \u00fczerinden \u00fcr\u00fcnlerini sat\u0131\u015fa sunarken elde ederler. G\u00fcn\u00fcm\u00fczde internet al\u0131\u015fveri\u015flerinin yan\u0131nda e-ticaret birincil ticaret tekni\u011fi olarak giderek yerini almaya haz\u0131rlan\u0131yor, bu bir giri\u015fimci i\u00e7in avantaj sa\u011flar.<\/p>\n<p style=\"text-align: justify;\">\u00a0Giri\u015fimcilik, yenilik ve geli\u015fim \u00fczerine odakland\u0131\u011f\u0131ndan dinamik i\u015f g\u00fcc\u00fcn\u00fc, ekonomik sistemi t\u00fcm imkanlar\u0131yla maximum d\u00fczeyde de\u011ferlendirir. Ayn\u0131 zamanda yeni ekonomik ili\u015fkiler, toplumsal yap\u0131lanmalar ve dinamik i\u015f k\u00fclt\u00fcr\u00fc \u00fczerinde bir anahtar niteli\u011fi ta\u015f\u0131maktad\u0131r. Sonu\u00e7ta, giri\u015fimcilik ekonomik dalgalanmalarda, \u00e7o\u011funlukla bilgi teknolojilerini kullanarak rekabet edebilmekte, piyasay\u0131 aktif ve ge\u00e7i\u015fken yapan bir \u00f6zelli\u011fe kavu\u015fturur. Giri\u015fimci, yenilik sunabilmek i\u00e7in risk alarak ve belirsizlikleri gidermek i\u00e7in start up olu\u015fturur ve t\u00fcm belirsizli\u011fiyle ekonomik koordinasyonu sa\u011flar.<\/p>\n<p style=\"text-align: justify;\">\n<p style=\"text-align: justify;\"><b>KAYNAK\u00c7A<\/b><\/p>\n<p style=\"text-align: justify;\">GEM 2013. \u201cGlobal Entrepreneurship Monitor 2013 Global Report\u201d, http:\/\/www.gemconsortium.org\/docs\/3106\/gem-2013-global-report, 15.03.2014.<\/p>\n","protected":false},"excerpt":{"rendered":"<p>Giri\u015fimcilik ve start up son y\u0131llarda bireysel sekt\u00f6r\u00fcn geli\u015fim g\u00f6stermesiyle \u00f6nem arz etmektedir. Giderek artan start up faaliyetleri, T\u00fcrkiye gibi durgun ekonomiye sahip \u00fclkeleri harekete ge\u00e7irmektedir. Giri\u015fimcili\u011fin g\u00fcn\u00fcm\u00fczde art\u0131\u015f g\u00f6stermesi iktisadi ve ekonomi alan\u0131 harekete ge\u00e7irmede \u00f6nemlidir (Zoltan vd., 2001: 235-245, Jack-Anderson, 1999:115). \u00d6zel sekt\u00f6r\u00fcn yeni i\u015f alan\u0131 olu\u015fturma ve istihdam sa\u011flama a\u00e7\u0131s\u0131ndan katk\u0131lar\u0131 yads\u0131namaz. [&hellip;]<\/p>\n","protected":false},"author":3,"featured_media":384,"comment_status":"closed","ping_status":"closed","sticky":false,"template":"","format":"standard","meta":{"footnotes":""},"categories":[31],"tags":[],"class_list":["post-671","post","type-post","status-publish","format-standard","has-post-thumbnail","category-girisimcilik"],"_links":{"self":[{"href":"https:\/\/sh.com.tr\/blog\/wp-json\/wp\/v2\/posts\/671","targetHints":{"allow":["GET"]}}],"collection":[{"href":"https:\/\/sh.com.tr\/blog\/wp-json\/wp\/v2\/posts"}],"about":[{"href":"https:\/\/sh.com.tr\/blog\/wp-json\/wp\/v2\/types\/post"}],"author":[{"embeddable":true,"href":"https:\/\/sh.com.tr\/blog\/wp-json\/wp\/v2\/users\/3"}],"replies":[{"embeddable":true,"href":"https:\/\/sh.com.tr\/blog\/wp-json\/wp\/v2\/comments?post=671"}],"version-history":[{"count":0,"href":"https:\/\/sh.com.tr\/blog\/wp-json\/wp\/v2\/posts\/671\/revisions"}],"wp:featuredmedia":[{"embeddable":true,"href":"https:\/\/sh.com.tr\/blog\/wp-json\/wp\/v2\/media\/384"}],"wp:attachment":[{"href":"https:\/\/sh.com.tr\/blog\/wp-json\/wp\/v2\/media?parent=671"}],"wp:term":[{"taxonomy":"category","embeddable":true,"href":"https:\/\/sh.com.tr\/blog\/wp-json\/wp\/v2\/categories?post=671"},{"taxonomy":"post_tag","embeddable":true,"href":"https:\/\/sh.com.tr\/blog\/wp-json\/wp\/v2\/tags?post=671"}],"curies":[{"name":"wp","href":"https:\/\/api.w.org\/{rel}","templated":true}]}}