{"id":678,"date":"2020-07-23T10:31:22","date_gmt":"2020-07-23T10:31:22","guid":{"rendered":"https:\/\/blog.sh.com.tr\/?p=678"},"modified":"2020-07-23T10:32:14","modified_gmt":"2020-07-23T10:32:14","slug":"sosyal-medya-bir-hayal-dunyasi-mi","status":"publish","type":"post","link":"https:\/\/sh.com.tr\/blog\/sosyal-medya-bir-hayal-dunyasi-mi\/","title":{"rendered":"Sosyal Medya Bir Hayal D\u00fcnyas\u0131 M\u0131?"},"content":{"rendered":"<p style=\"text-align: justify;\">Her alanda b\u00fct\u00fcnle\u015fti\u011fimiz sosyal medya ki\u015fisel ve kurumsal t\u00fcm mecralarda yer almaya ba\u015flad\u0131. \u00d6yledir ki\u00a0<strong>ki\u015fisel markala\u015fma,<\/strong>\u00a0gelir elde etme, ki\u015fisel g\u00fcnl\u00fck tutma, sanal alb\u00fcm olu\u015fturma, bilgi yayma ve daha bir\u00e7ok alanda faaliyet g\u00f6steren sosyal medya g\u00fcc\u00fc \u00e7ok fazla ilgi \u00e7ekiyor.\u00a0\u00a0<strong>Sosyal medya g\u00fcc\u00fc teknoloji aletlerine<\/strong>\u00a0sahip olan herkesin kolayca ula\u015ft\u0131\u011f\u0131 basit bir platform haline geldi. Son y\u0131llarda \u0131\u015f\u0131k h\u0131z\u0131 g\u00fcc\u00fcyle ilerleyen sosyal medya T\u00fcrkiye\u2019de %77 kullan\u0131c\u0131 g\u00fcn i\u00e7inde aktif olmas\u0131 bu fark\u0131 g\u00f6steriyor.<\/p>\n<h2 style=\"text-align: justify;\">Sosyal Medya Maymunu Muyuz?<\/h2>\n<p style=\"text-align: justify;\"><strong>Sosyal medya\u00a0<\/strong>her g\u00fcn i\u00e7ine girdi\u011fimiz hatta girmekten vazge\u00e7emedi\u011fimiz bir par\u00e7am\u0131z. Devaml\u0131 payla\u015f\u0131m yap\u0131p g\u00fcndemi takip etti\u011fimiz bir i\u015f haline bile d\u00f6n\u00fc\u015ft\u00fc. H\u0131zla t\u00fcketti\u011fimiz bu interaktif a\u011f par\u00e7as\u0131 i\u00e7inde kendimize yuva kurarken sosyal medya bizi bir maymun haline getirmeye devam ediyor.\u00a0G\u00fcl\u00fcp e\u011flenirken, oradan oraya atlarken istedi\u011fimiz gibi davran\u0131rken ve neredeyse yemek ihtiyac\u0131m\u0131z\u0131 g\u00f6rsellerden doyuracak kadar maymunla\u015ft\u0131ysak ne yapmak gerek?<\/p>\n<h3 style=\"text-align: justify;\">Sosyal Medya Kullan\u0131m\u0131nda Dikkat Edilmesi Gerekenler Neler?<\/h3>\n<ul style=\"text-align: justify;\">\n<li>Sa\u011fl\u0131kl\u0131 dijital vatanda\u015flar olmal\u0131y\u0131z.<\/li>\n<li>Kendimizi denetlemeli ve \u015fartlar koymal\u0131y\u0131z.<\/li>\n<li>Ele\u015ftiriler yakla\u015fmal\u0131y\u0131z.<\/li>\n<li>Ger\u00e7eklik ve kurgusal ayr\u0131m\u0131n\u0131 olu\u015fturmal\u0131y\u0131z.<\/li>\n<li>Y\u00fcz\u00fcm\u00fcz\u00fc yalayan sahte haberlere itibar etmemeliyiz.<\/li>\n<li>Farkl\u0131 yerlerden kaynak ara\u015ft\u0131rmas\u0131 yapmal\u0131y\u0131z.<\/li>\n<li>Ak\u0131ll\u0131 bilgi t\u00fcketicisi olmal\u0131y\u0131z.<\/li>\n<li>Yaz\u0131n\u0131n veya metnin yaz\u0131l\u0131m amac\u0131n\u0131 anlamal\u0131y\u0131z.<\/li>\n<li>Uzman gibi g\u00f6r\u00fcnen ki\u015filerin ger\u00e7ekli\u011fini ara\u015ft\u0131rmal\u0131y\u0131z.<\/li>\n<\/ul>\n<p style=\"text-align: justify;\">Ancak bu sayede sosyal medya maymunlu\u011funu b\u0131rakmaya y\u00f6nelik ad\u0131mlar\u0131 olu\u015fturabiliriz. \u00c7\u00fcnk\u00fc\u00a0<strong>sosyal medya platformlar\u0131 hayat\u0131m\u0131z\u0131 y\u00f6neten de\u011fil e\u011flendiren,<\/strong>\u00a0bilgi payla\u015f\u0131m sunan ve g\u00fcndemi takip etmemizi sa\u011flayan\u00a0<strong>sosyal medya ara\u00e7lar\u0131<\/strong>\u00a0olarak kullan\u0131lmal\u0131d\u0131r.<\/p>\n<h3 style=\"text-align: justify;\">Sosyal Medya Bizi Hayal D\u00fcnyas\u0131na M\u0131 S\u00fcr\u00fckl\u00fcyor?<\/h3>\n<p style=\"text-align: justify;\">Sosyal medya kullanmak bizi hayal d\u00fcnyas\u0131nda bir \u00fctopya i\u00e7ine \u00e7ekiyor.\u00a0Hep m\u00fckemmel giden hayatlar\u0131 ve s\u00fcrekli tatil ihtiyac\u0131n\u0131 gideren -ayl\u0131k b\u00fct\u00e7elerinin tavan oldu\u011fu- g\u00fczellikleri g\u00f6r\u00fcyoruz. Devaml\u0131 bir k\u0131yaslama i\u00e7inde buluyorlar kendilerini.\u00a0Bunlar\u0131 elde edemediklerinde veya payla\u015f\u0131m yapamad\u0131klar\u0131nda ise depresyona girmeleri de an meselesi. \u00d6zg\u00fcven sorunlar\u0131 ya\u015famaya ve mutlu hissetmedikleri i\u00e7in kendilerini toplumdan soyutlanmaya varana kadar ilerliyor bu durum.<\/p>\n<h3 style=\"text-align: justify;\">Bilin\u00e7li Medya Okur Yazarlar\u0131 Olmal\u0131y\u0131z<\/h3>\n<p style=\"text-align: justify;\">Bireylerin bu platformlar\u0131 daha verimli kullanmalar\u0131 gerek. Etkisi alt\u0131nda iken kal\u0131nabilecek tehlikeler ve riskler kar\u015f\u0131s\u0131nda bu ayr\u0131m\u0131n bilincinde olmak laz\u0131m. Medya g\u00f6nderileri ve y\u00f6ntemleri konusunda bilgi ve yeterli donan\u0131ma da sahip olmak gerek. Bunun i\u00e7in okullarda okutulan medya okur yazarl\u0131\u011f\u0131 dersinin \u00f6nemi iyi kavranmal\u0131.<\/p>\n<p style=\"text-align: justify;\"><strong>Siber zorbal\u0131k veya nefret s\u00f6ylemi gibi internette dola\u015fan bu konular hakk\u0131nda da bilgi sahibi olunmal\u0131.<\/strong>\u00a0Bunun i\u00e7in halk e\u011fitim merkezlerinde a\u00e7\u0131lacak olan medya okur yazarl\u0131\u011f\u0131 programlar\u0131na kat\u0131mlar\u0131n atmas\u0131n\u0131 ve bilin\u00e7li bir internet kullan\u0131c\u0131s\u0131 olmak i\u00e7in elimizden gelen \u00e7abay\u0131 g\u00f6stermeliyiz.<\/p>\n<h3 style=\"text-align: justify;\">Sorgulayan Bireyler Daha M\u0131 Bilin\u00e7li?<\/h3>\n<p style=\"text-align: justify;\">Medyada yanl\u0131\u015f dola\u015fan, y\u0131\u011f\u0131nla as\u0131ls\u0131z bilgilerden korunmak ve analiz etmek i\u00e7in bilin\u00e7li bireyler haline d\u00f6n\u00fc\u015fmemiz gerekiyor. Bilgi \u00e7a\u011f\u0131nda olmam\u0131z nedeniyle her bilgi dijital ortamda rahatl\u0131kla dola\u015f\u0131yor. Ancak \u00f6nemli olan bilgilerin do\u011fru, g\u00fcvenilir ve ger\u00e7ek\u00e7i oldu\u011funu iyi de\u011ferlendirebilmek.<\/p>\n<p style=\"text-align: justify;\">Medya okur yazarl\u0131k bilincini daha fazla yaymaya \u00e7al\u0131\u015f\u0131lmal\u0131. S\u00f6zde uzmanlar\u0131n yerini ger\u00e7ek ve yeni medya b\u00f6l\u00fcm\u00fc mezunu uzmanlar almal\u0131.\u00a0Dijital platformlarda kayna\u011f\u0131 belli olmayan hi\u00e7bir yaz\u0131ya itibar etmemek en \u00f6nemli \u015fey.\u00a0Ne kadar bilin\u00e7li olursa ger\u00e7ek ve as\u0131l bilgiye o kadar \u00e7abuk ula\u015fabiliriz.<\/p>\n<p style=\"text-align: justify;\">Kaynak: iienstitu.com \/<\/p>\n","protected":false},"excerpt":{"rendered":"<p>Her alanda b\u00fct\u00fcnle\u015fti\u011fimiz sosyal medya ki\u015fisel ve kurumsal t\u00fcm mecralarda yer almaya ba\u015flad\u0131. \u00d6yledir ki\u00a0ki\u015fisel markala\u015fma,\u00a0gelir elde etme, ki\u015fisel g\u00fcnl\u00fck tutma, sanal alb\u00fcm olu\u015fturma, bilgi yayma ve daha bir\u00e7ok alanda faaliyet g\u00f6steren sosyal medya g\u00fcc\u00fc \u00e7ok fazla ilgi \u00e7ekiyor.\u00a0\u00a0Sosyal medya g\u00fcc\u00fc teknoloji aletlerine\u00a0sahip olan herkesin kolayca ula\u015ft\u0131\u011f\u0131 basit bir platform haline geldi. Son y\u0131llarda \u0131\u015f\u0131k [&hellip;]<\/p>\n","protected":false},"author":3,"featured_media":677,"comment_status":"closed","ping_status":"closed","sticky":false,"template":"","format":"standard","meta":{"footnotes":""},"categories":[32],"tags":[],"class_list":["post-678","post","type-post","status-publish","format-standard","has-post-thumbnail","category-sosyal-medya"],"_links":{"self":[{"href":"https:\/\/sh.com.tr\/blog\/wp-json\/wp\/v2\/posts\/678","targetHints":{"allow":["GET"]}}],"collection":[{"href":"https:\/\/sh.com.tr\/blog\/wp-json\/wp\/v2\/posts"}],"about":[{"href":"https:\/\/sh.com.tr\/blog\/wp-json\/wp\/v2\/types\/post"}],"author":[{"embeddable":true,"href":"https:\/\/sh.com.tr\/blog\/wp-json\/wp\/v2\/users\/3"}],"replies":[{"embeddable":true,"href":"https:\/\/sh.com.tr\/blog\/wp-json\/wp\/v2\/comments?post=678"}],"version-history":[{"count":0,"href":"https:\/\/sh.com.tr\/blog\/wp-json\/wp\/v2\/posts\/678\/revisions"}],"wp:featuredmedia":[{"embeddable":true,"href":"https:\/\/sh.com.tr\/blog\/wp-json\/wp\/v2\/media\/677"}],"wp:attachment":[{"href":"https:\/\/sh.com.tr\/blog\/wp-json\/wp\/v2\/media?parent=678"}],"wp:term":[{"taxonomy":"category","embeddable":true,"href":"https:\/\/sh.com.tr\/blog\/wp-json\/wp\/v2\/categories?post=678"},{"taxonomy":"post_tag","embeddable":true,"href":"https:\/\/sh.com.tr\/blog\/wp-json\/wp\/v2\/tags?post=678"}],"curies":[{"name":"wp","href":"https:\/\/api.w.org\/{rel}","templated":true}]}}