{"id":685,"date":"2020-07-22T09:58:30","date_gmt":"2020-07-22T09:58:30","guid":{"rendered":"https:\/\/blog.sh.com.tr\/?p=685"},"modified":"2020-07-23T10:31:39","modified_gmt":"2020-07-23T10:31:39","slug":"sosyal-medya-bagimliligi","status":"publish","type":"post","link":"https:\/\/sh.com.tr\/blog\/sosyal-medya-bagimliligi\/","title":{"rendered":"Sosyal Medya Ba\u011f\u0131ml\u0131l\u0131\u011f\u0131"},"content":{"rendered":"<p style=\"text-align: justify;\">\u0130nternet kullan\u0131m\u0131n\u0131n artmas\u0131yla insanlar aras\u0131nda kendisine daha fazla kullan\u0131c\u0131 bulan sosyal medya son y\u0131llarda g\u00fcndemi olduk\u00e7a me\u015fgul ediyor. Haliyle bu konu hakk\u0131ndaki tart\u0131\u015fmalar da gittik\u00e7e art\u0131yor. Kimilerine g\u00f6re faydal\u0131 kimilerine g\u00f6re zararl\u0131 olan sosyal medya hakk\u0131ndaki bu tart\u0131\u015fmalar\u0131n da katk\u0131s\u0131yla adeta hayat\u0131m\u0131z\u0131n odak noktas\u0131 olmaya devam ediyor.<\/p>\n<h2 style=\"text-align: justify;\">Sosyal Medya Y\u00f6netimi<\/h2>\n<p style=\"text-align: justify;\">G\u00fcn\u00fcm\u00fczde sosyal medya kullan\u0131m\u0131\u00a0i\u00e7in s\u00f6ylenebilecek en kesin yarg\u0131 faydas\u0131n\u0131n kullan\u0131m\u0131na g\u00f6re g\u00f6r\u00fclece\u011fidir. Bu noktada da\u00a0sosyal medya y\u00f6netimi\u00a0devreye giriyor. Sosyal medya ba\u011f\u0131ml\u0131l\u0131\u011f\u0131 ile m\u00fccadele etmemizde bizim temel yard\u0131mc\u0131m\u0131z olacak olan bu temel y\u00f6ntem bizlerin iradesine dayan\u0131yor. K\u0131sacas\u0131 sosyal medya dedi\u011fimiz mecralar\u0131n mahiyeti bizim onlara kar\u015f\u0131 tak\u0131nd\u0131\u011f\u0131m\u0131z tav\u0131rla belli oluyor.<\/p>\n<h3 style=\"text-align: justify;\">En Fazla Kullan\u0131lan Uygulamalar Neler?<\/h3>\n<p style=\"text-align: justify;\">D\u00fcnya genelinde bakt\u0131\u011f\u0131m\u0131z zaman<strong>\u00a0sosyal medya kullan\u0131c\u0131lar\u0131n\u0131n en \u00e7ok kulland\u0131klar\u0131<\/strong>\u00a0mecralar Facebook, Instagram ve Twitter olarak s\u0131ralanabilir. \u00dclkemiz \u00f6zelinde bakt\u0131\u011f\u0131m\u0131z zaman ise son y\u0131llarda \u0130nstagram kullan\u0131m\u0131ndaki art\u0131\u015f\u0131 g\u00f6zlenebilir.\u00a0Asl\u0131nda uygulamalar\u0131n kullan\u0131m oranlar\u0131 bir nevi toplumlar\u0131n al\u0131\u015fkanl\u0131klar\u0131 g\u00f6sterir.<\/p>\n<p style=\"text-align: justify;\">\u00d6rne\u011fin yine T\u00fcrkiye \u00f6zelinden devam edersek \u00fclkemiz do\u011fal g\u00fczellikleri b\u00fcnyesinde bar\u0131nd\u0131rd\u0131\u011f\u0131ndan dolay\u0131 buralar\u0131 ziyaret eden insanlar\u0131m\u0131z ya\u015fad\u0131klar\u0131 anlar\u0131 do\u011fal olarak yak\u0131nlar\u0131yla payla\u015fmak isteyeceklerdir.\u00a0Instagram da asl\u0131nda foto\u011fraf temelli bir mecra oldu\u011fundan bu ama\u00e7 i\u00e7in son derece uygun g\u00f6z\u00fckmektedir.<\/p>\n<p style=\"text-align: justify;\">Ayr\u0131ca Instagram foto\u011fraf kalitesini di\u011fer mecralara g\u00f6re daha b\u00fcy\u00fck oranda muhafaza etti\u011finden dolay\u0131 da avantajl\u0131d\u0131r. Twitter daha resmi bir mecra olarak kar\u015f\u0131m\u0131za \u00e7\u0131kmaktad\u0131r.<\/p>\n<p style=\"text-align: justify;\"><strong>Twitter ne i\u00e7in kullan\u0131l\u0131r?<\/strong><\/p>\n<p style=\"text-align: justify;\">Genelde siyaset\u00e7iler ve \u00fcnl\u00fcler Twitter yoluyla insanlara ula\u015f\u0131r. Haberleri takip etmek i\u00e7in de Twitter uygundur.<\/p>\n<p style=\"text-align: justify;\"><strong>Facebook ne i\u00e7in kullan\u0131l\u0131r?<\/strong><\/p>\n<p style=\"text-align: justify;\">Facebook insanlar\u0131n i\u00e7eriklerini kendileri tayin ettikleri durumlar payla\u015ft\u0131klar\u0131 gruplara kat\u0131labildikleri ayn\u0131 zamanda insanlarla sohbet edebildikleri bir mecrad\u0131r.<\/p>\n<p style=\"text-align: justify;\">Peki Whatsapp hangi ba\u011flamda ele al\u0131nmal\u0131? O da bir sosyal medya m\u0131 yoksa de\u011fil mi? Whatsapp temelde bir mesajla\u015fma uygulamas\u0131 oldu\u011fundan dolay\u0131 bu konuda onay alamaz gibi g\u00f6r\u00fcnmektedir. Her ne kadar durum payla\u015f\u0131mlar\u0131 gibi \u00f6zellikler son zamanlarda eklenmi\u015f olsa da bu onun temel mahiyetini de\u011fi\u015ftirmemi\u015ftir.<\/p>\n<h3 style=\"text-align: justify;\">Bilin\u00e7li Kullan\u0131c\u0131 Olmak<\/h3>\n<p style=\"text-align: justify;\">Peki\u00a0<strong>sosyal medya dedi\u011fimiz mecralara kar\u015f\u0131 tak\u0131nmam\u0131z<\/strong>\u00a0gereken tav\u0131r nas\u0131l olmal\u0131d\u0131r? \u00d6ncelikle genel ya\u015fant\u0131m\u0131zla mukayese ederek (i\u015f hayat\u0131, \u00f6\u011frencilik) buralarda ge\u00e7irdi\u011fimiz vaktin sorumluluklar\u0131m\u0131za zarar verip vermedi\u011fini tespit etmeliyiz. Bu noktada gerekirse baz\u0131 e\u011flencelerimizden de feragat etmeliyiz. \u00c7\u00fcnk\u00fc bazen fedak\u00e2rl\u0131k yapmazsak, ileride k\u00f6t\u00fc sonu\u00e7larla kar\u015f\u0131 kar\u015f\u0131ya kalabiliriz.<\/p>\n<p style=\"text-align: justify;\">Bu fedak\u00e2rl\u0131k sayesinde kendimizi nas\u0131l kontrol edece\u011fimizi \u00f6\u011frenebilir olas\u0131 ba\u011f\u0131ml\u0131l\u0131klara kar\u015f\u0131 kendimize s\u0131n\u0131rlar koyabiliriz. Bu konuda g\u00fcnl\u00fck kullan\u0131m \u00e7ok \u00f6nemli. \u00d6rnek vermek i\u00e7in ortalama bir insan\u0131 ele alal\u0131m. Bu ki\u015fi g\u00fcnde 8 saatini uykuya ay\u0131rs\u0131n.<\/p>\n<p style=\"text-align: justify;\">8 saatini i\u015fine ay\u0131rs\u0131n. 2 saat gibi bir zaman\u0131 da yeme i\u00e7meye ay\u0131rs\u0131n. G\u00fcn\u00fcn geriye kalan 6 saatini de istirahati i\u00e7in ay\u0131rs\u0131n. Bu zaman diliminde ne yapaca\u011f\u0131n\u0131 \u00f6zg\u00fcrce se\u00e7erek istedi\u011fi me\u015fgale ile vakit ge\u00e7irsin.<\/p>\n<p style=\"text-align: justify;\">Ayr\u0131ca bu zaman dilimlerinde bir \u00f6rnek olmas\u0131na istinaden aile ile vakit ge\u00e7irme, kitap okuma gibi insan\u0131n g\u00fcndelik hayat\u0131nda \u00f6nemli yeri olmas\u0131 gereken u\u011fra\u015flara da vakit ay\u0131rs\u0131n. Bizler de e\u011fer zaman\u0131m\u0131z\u0131 bilin\u00e7li olarak y\u00f6netebilirsek sosyal medya i\u00e7in de tatmin edecek kadar zaman bulabiliriz.<\/p>\n<h3 style=\"text-align: justify;\">Kendinizi \u0130hmal Etmeyin<\/h3>\n<p style=\"text-align: justify;\">Sosyal medya g\u00fcndelik ya\u015fam\u0131m\u0131z\u0131n \u00f6n\u00fcne ge\u00e7memeli.\u00a0<strong>Sosyal medya sadece hayat\u0131n i\u00e7inde di\u011fer insanlarla\u00a0<\/strong>etkile\u015fim i\u00e7inde oldu\u011fumuz bir mecra veya bo\u015f vakitlerimizde belli s\u0131n\u0131rlar dahilinde me\u015fgul olaca\u011f\u0131m\u0131z bir e\u011flencelik olmal\u0131.<\/p>\n<p style=\"text-align: justify;\">Sosyal medya ba\u011f\u0131ml\u0131l\u0131\u011f\u0131\u00a0konusunda zay\u0131f bir tutum sergilenmemeli.\u00a0Bu mecralar\u0131 kullanan herkes bu konuda kendilerinin en b\u00fcy\u00fck yard\u0131mc\u0131s\u0131 olan iradeyi lay\u0131k\u0131yla kullanmal\u0131, zaman\u0131 nas\u0131l y\u00f6neteceklerini bilmeli ve izleyecekleri yolu en uygun bi\u00e7imde se\u00e7meli. Bizler sosyal medyan\u0131n de\u011fil o bizlerin kontrol\u00fc alt\u0131nda olmal\u0131.<\/p>\n<p>Kaynak: iiennstitu.com \/ Onur K\u00fc\u00e7\u00fckali<\/p>\n","protected":false},"excerpt":{"rendered":"<p>\u0130nternet kullan\u0131m\u0131n\u0131n artmas\u0131yla insanlar aras\u0131nda kendisine daha fazla kullan\u0131c\u0131 bulan sosyal medya son y\u0131llarda g\u00fcndemi olduk\u00e7a me\u015fgul ediyor. Haliyle bu konu hakk\u0131ndaki tart\u0131\u015fmalar da gittik\u00e7e art\u0131yor. Kimilerine g\u00f6re faydal\u0131 kimilerine g\u00f6re zararl\u0131 olan sosyal medya hakk\u0131ndaki bu tart\u0131\u015fmalar\u0131n da katk\u0131s\u0131yla adeta hayat\u0131m\u0131z\u0131n odak noktas\u0131 olmaya devam ediyor. Sosyal Medya Y\u00f6netimi G\u00fcn\u00fcm\u00fczde sosyal medya kullan\u0131m\u0131\u00a0i\u00e7in s\u00f6ylenebilecek [&hellip;]<\/p>\n","protected":false},"author":3,"featured_media":360,"comment_status":"closed","ping_status":"closed","sticky":false,"template":"","format":"standard","meta":{"footnotes":""},"categories":[32],"tags":[],"class_list":["post-685","post","type-post","status-publish","format-standard","has-post-thumbnail","category-sosyal-medya"],"_links":{"self":[{"href":"https:\/\/sh.com.tr\/blog\/wp-json\/wp\/v2\/posts\/685","targetHints":{"allow":["GET"]}}],"collection":[{"href":"https:\/\/sh.com.tr\/blog\/wp-json\/wp\/v2\/posts"}],"about":[{"href":"https:\/\/sh.com.tr\/blog\/wp-json\/wp\/v2\/types\/post"}],"author":[{"embeddable":true,"href":"https:\/\/sh.com.tr\/blog\/wp-json\/wp\/v2\/users\/3"}],"replies":[{"embeddable":true,"href":"https:\/\/sh.com.tr\/blog\/wp-json\/wp\/v2\/comments?post=685"}],"version-history":[{"count":0,"href":"https:\/\/sh.com.tr\/blog\/wp-json\/wp\/v2\/posts\/685\/revisions"}],"wp:featuredmedia":[{"embeddable":true,"href":"https:\/\/sh.com.tr\/blog\/wp-json\/wp\/v2\/media\/360"}],"wp:attachment":[{"href":"https:\/\/sh.com.tr\/blog\/wp-json\/wp\/v2\/media?parent=685"}],"wp:term":[{"taxonomy":"category","embeddable":true,"href":"https:\/\/sh.com.tr\/blog\/wp-json\/wp\/v2\/categories?post=685"},{"taxonomy":"post_tag","embeddable":true,"href":"https:\/\/sh.com.tr\/blog\/wp-json\/wp\/v2\/tags?post=685"}],"curies":[{"name":"wp","href":"https:\/\/api.w.org\/{rel}","templated":true}]}}