{"id":813,"date":"2020-09-10T07:28:06","date_gmt":"2020-09-10T07:28:06","guid":{"rendered":"https:\/\/blog.sh.com.tr\/?p=813"},"modified":"2020-09-10T07:49:42","modified_gmt":"2020-09-10T07:49:42","slug":"5-yil-kullanilmayan-markalar-iptal-olacak","status":"publish","type":"post","link":"https:\/\/sh.com.tr\/blog\/5-yil-kullanilmayan-markalar-iptal-olacak\/","title":{"rendered":"5 Y\u0131l Kullan\u0131lmayan Markalar \u0130ptal Olacak"},"content":{"rendered":"<p><u>5 y\u0131l kullan\u0131lmayan markan\u0131n iptal edilmesi<\/u>, Sunai M\u00fclkiyet Kanununa g\u00f6re uygulanan ve marka tescil tarihinden itibaren 5 y\u0131l boyunca aktif olarak her hangi bir hizmet sunmayan markalar\u0131n ge\u00e7ersiz say\u0131lmas\u0131 i\u015flemidir. <strong>5 y\u0131l kullan\u0131lmayan markan\u0131n iptal olmas\u0131<\/strong>, devaml\u0131l\u0131k ve kullan\u0131lmaz zorunlulu\u011fu ilkelerinin ihlaline ba\u011fl\u0131 olarak geli\u015fir.<\/p>\n<p><strong>5 Y\u0131l Kullan\u0131lmayan Markan\u0131n \u0130ptal \u015eartlar\u0131<\/strong><\/p>\n<p><strong>5 y\u0131l kullan\u0131lmayan markan\u0131n iptal ko\u015fullar\u0131<\/strong> \u015fu \u015fekilde s\u0131ralan\u0131r:<\/p>\n<ul>\n<li>Tescil ard\u0131ndan 5 y\u0131l hi\u00e7 mal sat\u0131\u015f\u0131 yapmam\u0131\u015f olma,<\/li>\n<li>Bir s\u00fcre etkin faaliyet g\u00f6sterme ard\u0131ndan minimum 6 y\u0131l s\u00fcre ile hi\u00e7 hizmet vermeme,<\/li>\n<li>Marka a\u00e7\u0131l\u0131\u015f\u0131n\u0131n T\u00fcrkiye\u2019de ger\u00e7ekle\u015fmesi,<\/li>\n<\/ul>\n<p>Faaliyet g\u00f6sterme amac\u0131 ile a\u00e7\u0131l\u0131\u015f\u0131 ve tescili yapt\u0131r\u0131lan ve daha sonra farkl\u0131 durumlara ba\u011fl\u0131 olarak bu \u015fartlar alt\u0131nda varl\u0131\u011f\u0131na devam etmek zorunda kalan markalar, 5 y\u0131l ard\u0131ndan otomatik olarak kapat\u0131l\u0131rlar.<\/p>\n<p>5 y\u0131l faaliyetsiz d\u00f6nem ard\u0131ndan mahkemelere yans\u0131yan kapatma karalar\u0131n\u0131n de\u011ferlendirilmesi ard\u0131ndan markalar tescil i\u015flemi \u00f6ncesindeki ge\u00e7ersiz konumlar\u0131na d\u00f6nerler. \u00dclke s\u0131n\u0131rlar\u0131nda ayn\u0131 isim ile faaliyete devam etme hakk\u0131, 5 y\u0131l \u00f6ncesi d\u00f6nemde \u00fcretilen \u00fcr\u00fcnlere ili\u015fkin patent ve marka haklar\u0131, hizmetlere ili\u015fkin marka ad\u0131na olan reklam haklar\u0131 i\u015flevlerini yitirirler son bulur.<\/p>\n<p><strong>Markan\u0131n Kullan\u0131lma Zorunlulu\u011fu<\/strong><\/p>\n<p><u>Markan\u0131n kullan\u0131lma \u015fart\u0131<\/u> hakk\u0131nda bilgiler \u015fu \u015fekilde s\u0131ralan\u0131r:<\/p>\n<ul>\n<li>Bu zorunluluk markan\u0131n tescil ettirilmesi ard\u0131ndan ortaya \u00e7\u0131kan bir y\u00fck\u00fcml\u00fcl\u00fckt\u00fcr.<\/li>\n<li>Tescil i\u015fleminde itibaren marka m\u00fc\u015fteri ile bulu\u015fmal\u0131 ve faal olarak hizmete ge\u00e7i\u015f yapmal\u0131d\u0131r.<\/li>\n<li>Faaliyet ve hizmet ger\u00e7ekle\u015ftirilmeden bir\u00e7ok ki\u015finin yo\u011fun \u015fekilde ba\u015fvurdu\u011fu tescil i\u015flemlerinin me\u015fgul edilmesi yasal olarak uygun say\u0131lmaz.<\/li>\n<li>Bu kapsamda <strong>5 y\u0131l kullan\u0131lmayan markan\u0131n iptal olmas\u0131<\/strong> \u015fart\u0131na ba\u011fl\u0131 olarak, tescile ra\u011fmen hizmet sunmayan markalara yapt\u0131r\u0131mlar uygulan\u0131r.<\/li>\n<li>Kullan\u0131lma zorunlulu\u011funun maksimum 6 y\u0131l ihmalinde ise marka tescili otomatik olarak ge\u00e7ersiz say\u0131l\u0131r.<\/li>\n<\/ul>\n<p><strong>Marka \u0130ptalinden Korunmak \u0130\u00e7in Neler Yap\u0131lmal\u0131?<\/strong><\/p>\n<p><strong>Marka iptalinden korunmak i\u00e7in yap\u0131lanlar<\/strong>:<\/p>\n<ul>\n<li>\u0130ptalden korunmak i\u00e7in \u00fclke s\u0131n\u0131rlar\u0131 i\u00e7inde faaliyete ba\u015flama \u015fart\u0131na uyum sa\u011flanmal\u0131d\u0131r.<\/li>\n<li>Bir marka T\u00fcrkiye\u2019de tescillenmi\u015f fakat 5 sene boyunca yurtd\u0131\u015f\u0131nda faaliyet g\u00f6stermi\u015f ise hizmet sunmas\u0131na ra\u011fmen T\u00fcrkiye s\u0131n\u0131rlar\u0131nda kapat\u0131larak ge\u00e7ersiz say\u0131l\u0131r.<\/li>\n<li>Bu kapsamda iptal i\u015flemlerinden etkilenmemek i\u00e7in T\u00fcrkiye s\u0131n\u0131rlar\u0131 i\u00e7inde en az 5 y\u0131l aktif \u00e7al\u0131\u015f\u0131lmal\u0131 ve tescil i\u015flemlerinin t\u00fcm\u00fc yasal mevzuat uygun evraklar ile yap\u0131lmal\u0131d\u0131r.<\/li>\n<\/ul>\n<p>Marka iptaline ili\u015fkin konular \u015fu an i\u00e7in mahkemelerde izlense de, 10.01.2024 tarihi itibari ile <strong>5 y\u0131l kullan\u0131lmayan markan\u0131n iptal olmas\u0131<\/strong> hakk\u0131nda kararlar\u0131n T\u00fcrk Patent Ve Marka Kurumu taraf\u0131ndan verilece\u011fi a\u00e7\u0131klanm\u0131\u015ft\u0131r<\/p>\n","protected":false},"excerpt":{"rendered":"<p>5 y\u0131l kullan\u0131lmayan markan\u0131n iptal edilmesi, Sunai M\u00fclkiyet Kanununa g\u00f6re uygulanan ve marka tescil tarihinden itibaren 5 y\u0131l boyunca aktif olarak her hangi bir hizmet sunmayan markalar\u0131n ge\u00e7ersiz say\u0131lmas\u0131 i\u015flemidir. 5 y\u0131l kullan\u0131lmayan markan\u0131n iptal olmas\u0131, devaml\u0131l\u0131k ve kullan\u0131lmaz zorunlulu\u011fu ilkelerinin ihlaline ba\u011fl\u0131 olarak geli\u015fir. 5 Y\u0131l Kullan\u0131lmayan Markan\u0131n \u0130ptal \u015eartlar\u0131 5 y\u0131l kullan\u0131lmayan markan\u0131n [&hellip;]<\/p>\n","protected":false},"author":3,"featured_media":748,"comment_status":"closed","ping_status":"closed","sticky":false,"template":"","format":"standard","meta":{"footnotes":""},"categories":[3],"tags":[83,81,80],"class_list":["post-813","post","type-post","status-publish","format-standard","has-post-thumbnail","category-dijital-pazarlama","tag-iptal","tag-kullanim","tag-marka"],"_links":{"self":[{"href":"https:\/\/sh.com.tr\/blog\/wp-json\/wp\/v2\/posts\/813","targetHints":{"allow":["GET"]}}],"collection":[{"href":"https:\/\/sh.com.tr\/blog\/wp-json\/wp\/v2\/posts"}],"about":[{"href":"https:\/\/sh.com.tr\/blog\/wp-json\/wp\/v2\/types\/post"}],"author":[{"embeddable":true,"href":"https:\/\/sh.com.tr\/blog\/wp-json\/wp\/v2\/users\/3"}],"replies":[{"embeddable":true,"href":"https:\/\/sh.com.tr\/blog\/wp-json\/wp\/v2\/comments?post=813"}],"version-history":[{"count":0,"href":"https:\/\/sh.com.tr\/blog\/wp-json\/wp\/v2\/posts\/813\/revisions"}],"wp:featuredmedia":[{"embeddable":true,"href":"https:\/\/sh.com.tr\/blog\/wp-json\/wp\/v2\/media\/748"}],"wp:attachment":[{"href":"https:\/\/sh.com.tr\/blog\/wp-json\/wp\/v2\/media?parent=813"}],"wp:term":[{"taxonomy":"category","embeddable":true,"href":"https:\/\/sh.com.tr\/blog\/wp-json\/wp\/v2\/categories?post=813"},{"taxonomy":"post_tag","embeddable":true,"href":"https:\/\/sh.com.tr\/blog\/wp-json\/wp\/v2\/tags?post=813"}],"curies":[{"name":"wp","href":"https:\/\/api.w.org\/{rel}","templated":true}]}}