{"id":917,"date":"2020-10-14T06:00:08","date_gmt":"2020-10-14T06:00:08","guid":{"rendered":"https:\/\/blog.sh.com.tr\/?p=917"},"modified":"2020-09-11T13:40:54","modified_gmt":"2020-09-11T13:40:54","slug":"yurt-disi-marka-tescili-ve-tesvikler","status":"publish","type":"post","link":"https:\/\/sh.com.tr\/blog\/yurt-disi-marka-tescili-ve-tesvikler\/","title":{"rendered":"Yurt D\u0131\u015f\u0131 Marka Tescili Ve Te\u015fvikler"},"content":{"rendered":"<p><u>\u00a0Yurtd\u0131\u015f\u0131 marka tescili, te\u015fvik<\/u>\u00a0hakk\u0131nda bilgiler aktar\u0131l\u0131rken, 3 farkl\u0131 tipte yurtd\u0131\u015f\u0131 marka tescili bi\u00e7imi oldu\u011fu ve her birinin farkl\u0131 ba\u015fvuru ad\u0131mlar\u0131 ard\u0131ndan yap\u0131ld\u0131\u011f\u0131 bu kapsamda her \u00fclkede tescilli markalara sunulan farkl\u0131 maddi desteklerden yararlan\u0131ld\u0131\u011f\u0131 detaylar\u0131na de\u011finilir. <strong><b>Yurtd\u0131\u015f\u0131 marka tescili<\/b><\/strong>\u00a0i\u00e7in ulusal marka, Madrid protokol\u00fc ile WIPO \u00fczerinden, Avrupa Birli\u011fi EUTM marka tescil ettirme y\u00f6ntemlerinin izlenmesi gerekir.<\/p>\n<p><strong><b>Ulusal Marka Tescil Ba\u015fvurusu<\/b><\/strong><\/p>\n<p><strong><b>Ulusal marka tescil m\u00fcracaat\u0131<\/b><\/strong>\u00a0hakk\u0131nda bilgiler \u015fu \u015fekilde s\u0131ralan\u0131r:<\/p>\n<ul>\n<li>Bu tescil ba\u015fvurusu i\u00e7in yurtd\u0131\u015f\u0131nda hangi \u00fclkede ya\u015fan\u0131yor ise o \u00fclkenin Marka ve Patent Ofislerine marka tescili ba\u015fvurular\u0131 iletilir.<\/li>\n<li>Ba\u015fvurular kapsam\u0131nda \u00fclke yasalar\u0131na uygun \u015fekilde d\u00fczenlenen \u2018\u2019 marka tescil ba\u015fvur talep formu\u2019\u2019 marka ad\u0131 ve marka sekt\u00f6r\u00fcne ili\u015fkin detaylar ile doldurularak teslim edilmelidir.<\/li>\n<\/ul>\n<p>Bu ad\u0131mlar kapsam\u0131nda yap\u0131lan ba\u015fvurular, hangi \u00fclkede marka faaliyetleri g\u00f6sterilmek isteniyor ise o \u00fclkede ger\u00e7ekle\u015ftirilmelidir. Marka tescillerinin sadece T\u00fcrkiye\u2019de yap\u0131lmas\u0131 halinde yurtd\u0131\u015f\u0131 \u00fclkelerde tescil ge\u00e7erlili\u011fi sa\u011flanamaz.<\/p>\n<p><strong><b>Madrid Protokol\u00fc \u00dczerinden Yurtd\u0131\u015f\u0131 Marka Tescili Nedir?<\/b><\/strong><\/p>\n<p><u>Madrid protokol\u00fc \u00fcst\u00fcnden yurtd\u0131\u015f\u0131 marka tescili<\/u>\u00a0hakk\u0131nda detaylar \u015fu \u015fekilde s\u0131ralan\u0131r:<\/p>\n<ul>\n<li>Markan\u0131n tek bir ba\u015fvuru \u00fczerinden birden fazla \u00fclkede tescilinin sa\u011flamas\u0131 <strong><b>yurt d\u0131\u015f\u0131 marka tescili<\/b><\/strong>Madrid protokoll\u00fc ile ger\u00e7ekle\u015fir.<\/li>\n<li>Ulusal ba\u015fvuru sistemleri kapsam\u0131nda ekonomik \u00f6l\u00e7\u00fclere sahiptir.<\/li>\n<li>Birden fazla \u00fclkede tescil hakk\u0131 al\u0131nmas\u0131 ba\u015fvuru ard\u0131ndan dahil olunan \u00fclke ekleme periyodu \u00e7er\u00e7evesinden ger\u00e7ekle\u015ftirilir.<\/li>\n<li>Madrid protokol\u00fc ile marka tescili al\u0131m\u0131nda Avustralya, Azerbaycan, Yunanistan Hindistan, Avrupa Birli\u011fi \u00fclkelerinden Marka Patent Ofislerine ba\u015fvurular ile tesciller al\u0131n\u0131r.<\/li>\n<li>Bu \u00fclkelerde tescilleri almak i\u00e7in ilk ad\u0131mda marka tescilini T\u00fcrkiye\u2019den ger\u00e7ekle\u015ftirmek ikinci ad\u0131m kapsam\u0131nda yurtd\u0131\u015f\u0131 ba\u015fvurular\u0131n\u0131 yapmak gerekir.<\/li>\n<\/ul>\n<p>Bu kapsamda marka tescili sa\u011flayanlar Avrupa Birli\u011fi \u00fclkelerinin te\u015fviklerinden yararlanabilirler.<\/p>\n<p><strong><b>Avrupa Birli\u011fi Marka Tescili Nedir?<\/b><\/strong><\/p>\n<p><strong><b>Avrupa Birli\u011finin marka tescilleri<\/b><\/strong>\u00a0hakk\u0131nda bilgiler \u015fu \u015fekilde s\u0131ralan\u0131r:<\/p>\n<ul>\n<li>Tek ba\u015fvuru \u00fczerinden t\u00fcm Avrupa Birli\u011fi \u00fclkelerinde marka tescili alma avantaj\u0131 sa\u011flayan i\u015flemdir.<\/li>\n<li>Avrupa Birli\u011fi \u00fclkelerinin her hangi birinden marka tescili i\u00e7in Marka ve Patent Ofilerine ba\u015fvurular yap\u0131l\u0131rken, marka tescili ve patenet al\u0131m\u0131 red edilirse t\u00fcm Avrupa \u00fclkelerinde red i\u015flemi ger\u00e7ekle\u015fir.<\/li>\n<li>Bu kapsamda <strong><b>yurtd\u0131\u015f\u0131<\/b><\/strong><strong><b>marka tescili<\/b><\/strong>\u00a0al\u0131m\u0131 ard\u0131ndan 5 y\u0131l s\u00fcresinde marka faaliyeti g\u00f6sterilmezse T\u00fcrkiye\u2019de oldu\u011fu gibi markan\u0131n iptali sa\u011flan\u0131r.<\/li>\n<\/ul>\n<p>Yurtd\u0131\u015f\u0131 marka tescili ve te\u015fvikler t\u00fcm d\u00fcnya \u00fclkelerinde farkl\u0131 kriterler \u00fczerinden uygulanmaktad\u0131r. Faaliyet g\u00f6sterilmemesi halinde ise maksimum 5 senede iptaller sa\u011flan\u0131rken ve te\u015fviklerden yararlan\u0131lamaz.<\/p>\n","protected":false},"excerpt":{"rendered":"<p>\u00a0Yurtd\u0131\u015f\u0131 marka tescili, te\u015fvik\u00a0hakk\u0131nda bilgiler aktar\u0131l\u0131rken, 3 farkl\u0131 tipte yurtd\u0131\u015f\u0131 marka tescili bi\u00e7imi oldu\u011fu ve her birinin farkl\u0131 ba\u015fvuru ad\u0131mlar\u0131 ard\u0131ndan yap\u0131ld\u0131\u011f\u0131 bu kapsamda her \u00fclkede tescilli markalara sunulan farkl\u0131 maddi desteklerden yararlan\u0131ld\u0131\u011f\u0131 detaylar\u0131na de\u011finilir. Yurtd\u0131\u015f\u0131 marka tescili\u00a0i\u00e7in ulusal marka, Madrid protokol\u00fc ile WIPO \u00fczerinden, Avrupa Birli\u011fi EUTM marka tescil ettirme y\u00f6ntemlerinin izlenmesi gerekir. Ulusal [&hellip;]<\/p>\n","protected":false},"author":3,"featured_media":737,"comment_status":"closed","ping_status":"closed","sticky":false,"template":"","format":"standard","meta":{"footnotes":""},"categories":[30],"tags":[80,117,126],"class_list":["post-917","post","type-post","status-publish","format-standard","has-post-thumbnail","category-bilgi-bankasi","tag-marka","tag-tescil","tag-tesvik"],"_links":{"self":[{"href":"https:\/\/sh.com.tr\/blog\/wp-json\/wp\/v2\/posts\/917","targetHints":{"allow":["GET"]}}],"collection":[{"href":"https:\/\/sh.com.tr\/blog\/wp-json\/wp\/v2\/posts"}],"about":[{"href":"https:\/\/sh.com.tr\/blog\/wp-json\/wp\/v2\/types\/post"}],"author":[{"embeddable":true,"href":"https:\/\/sh.com.tr\/blog\/wp-json\/wp\/v2\/users\/3"}],"replies":[{"embeddable":true,"href":"https:\/\/sh.com.tr\/blog\/wp-json\/wp\/v2\/comments?post=917"}],"version-history":[{"count":0,"href":"https:\/\/sh.com.tr\/blog\/wp-json\/wp\/v2\/posts\/917\/revisions"}],"wp:featuredmedia":[{"embeddable":true,"href":"https:\/\/sh.com.tr\/blog\/wp-json\/wp\/v2\/media\/737"}],"wp:attachment":[{"href":"https:\/\/sh.com.tr\/blog\/wp-json\/wp\/v2\/media?parent=917"}],"wp:term":[{"taxonomy":"category","embeddable":true,"href":"https:\/\/sh.com.tr\/blog\/wp-json\/wp\/v2\/categories?post=917"},{"taxonomy":"post_tag","embeddable":true,"href":"https:\/\/sh.com.tr\/blog\/wp-json\/wp\/v2\/tags?post=917"}],"curies":[{"name":"wp","href":"https:\/\/api.w.org\/{rel}","templated":true}]}}