{"id":924,"date":"2020-10-18T06:00:19","date_gmt":"2020-10-18T06:00:19","guid":{"rendered":"https:\/\/blog.sh.com.tr\/?p=924"},"modified":"2020-09-11T14:45:36","modified_gmt":"2020-09-11T14:45:36","slug":"tasarim-tescili-nedir-tasarim-tescilinin-haklari-nelerdir","status":"publish","type":"post","link":"https:\/\/sh.com.tr\/blog\/tasarim-tescili-nedir-tasarim-tescilinin-haklari-nelerdir\/","title":{"rendered":"Tasar\u0131m Tescili Nedir? Tasar\u0131m Tescilinin Haklar\u0131 Nelerdir?"},"content":{"rendered":"<p><u>Tasar\u0131m tescili, haklar\u0131<\/u>\u00a0hakk\u0131nda bilgiler aktar\u0131l\u0131rken, tescilin, bir \u00fcr\u00fcn\u00fcn b\u00fct\u00fcn \u00e7izgi, \u015fekil, renk detaylar\u0131 ile zenginle\u015ftirilmi\u015f model hakk\u0131n\u0131n, yarat\u0131c\u0131 ki\u015fi taraf\u0131ndan yasal yollarla al\u0131nmas\u0131 ve bu \u00fcr\u00fcn\u00fcn \u00fc\u00e7\u00fcnc\u00fc ki\u015filerce \u00fcretilmemesinin ise tescilin haklar\u0131 oldu\u011fu detaylar\u0131na de\u011finilir. <strong><b>Tasar\u0131m tescili<\/b><\/strong>, \u00fcr\u00fcn veya eseri \u00fc\u00e7\u00fcnc\u00fc ki\u015filere kar\u015f\u0131 koruma alt\u0131na al\u0131r.<\/p>\n<p><strong><b>Tasar\u0131m Tescili Almak \u0130\u00e7in \u015eartlar Neler?<\/b><\/strong><\/p>\n<p><strong><b>Tasar\u0131m tescili alma ko\u015fullar\u0131<\/b><\/strong>\u00a0\u015fu \u015fekilde s\u0131ralan\u0131r:<\/p>\n<ul>\n<li>Tasar\u0131m tescili onay\u0131 almak i\u00e7in tasar\u0131m kullan\u0131\u015fl\u0131 olmal\u0131d\u0131r.<\/li>\n<li>Tasar\u0131m hedeflenen kullan\u0131m alan\u0131na uygun olmal\u0131d\u0131r.<\/li>\n<li>Tasar\u0131m Kullan\u0131m\u0131 i\u00e7in gerekli d\u00fc\u011fer aparatlar ile tasar\u0131m ve renk bak\u0131m\u0131ndan uyumlu olmal\u0131d\u0131r.<\/li>\n<li>\u00d6zg\u00fcn detaylar\u0131 i\u00e7eren bir eser sunulmal\u0131d\u0131r.<\/li>\n<li>Rekabet\u00e7i, ekonomik ve kaliteli modeller ve tasar\u0131mlar haz\u0131rlanmal\u0131d\u0131r.<\/li>\n<li>Tasar\u0131m diline sahip olan ve ergonomik olan \u00e7al\u0131\u015fmalar yap\u0131lmal\u0131d\u0131r.<\/li>\n<li>Do\u011faya duyarl\u0131 ve sosyal modeller tecil i\u00e7in sunulmal\u0131d\u0131r.<\/li>\n<li>Teknolojik de\u011fi\u015fimlere ayak uygudan tasar\u0131mlar tescil i\u00e7in se\u00e7ilmelidir.<\/li>\n<li>Malzeme sarfiyat\u0131n\u0131n \u00f6n\u00fcne ge\u00e7en eserlerin \u015fans\u0131 daha y\u00fckseltir.<\/li>\n<\/ul>\n<p>Ayn\u0131 zamanda, bu \u015fartlar kapsam\u0131nda haz\u0131rlanan \u00fcr\u00fcnler ile <strong><b>tasar\u0131m tescili<\/b><\/strong>\u00a0alma \u015fans\u0131 daha y\u00fcksek oranlara ta\u015f\u0131n\u0131r.<\/p>\n<p><strong><b>Tasar\u0131m Tecilinde Ay\u0131rt Edicilik<\/b><\/strong><\/p>\n<p><u>Tasar\u0131m tescilinde ay\u0131r\u0131c\u0131l\u0131k<\/u>\u00a0hakk\u0131nda detaylar \u015fu \u015fekilde s\u0131ralan\u0131r:<\/p>\n<ul>\n<li>Ay\u0131rt edicilik ilkesi, tasar\u0131m\u0131n kendi haz, \u00f6zg\u00fcn olmas\u0131n\u0131 sa\u011flamak ve tescil a\u015famas\u0131nda s\u00fcreci desteklemek, onay \u015fans\u0131n\u0131 y\u00fckseltmek amac\u0131yla benimsenir.<\/li>\n<li>Her hangi bir end\u00fcstriyel tasar\u0131m\u0131n kullan\u0131c\u0131lar\u0131na sunuldu\u011fundan iyi tepkiler al\u0131n\u0131yor, ikinci bir end\u00fcstriyel tasar\u0131m kullan\u0131c\u0131lara sunuldu\u011funda y\u00fcksek be\u011feniler ve geri d\u00f6n\u00fc\u015fler al\u0131n\u0131yor ise ikinci tasar\u0131m ay\u0131rt edici \u00f6zelli\u011fe net \u015fekilde sahiptir.<\/li>\n<li>Tescilin al\u0131nmas\u0131 i\u00e7in bir tasar\u0131m\u0131n di\u011fer tasar\u0131mlardan net \u015fekilde ay\u0131rt edilmesi ve yarat\u0131c\u0131 olmas\u0131 gerekir.<\/li>\n<\/ul>\n<p><strong><b>Tasar\u0131m Tescilinde \u0130\u00e7in \u0130nsan Duyular\u0131na Hitap Etme<\/b><\/strong><\/p>\n<p><strong><b>Tasar\u0131m Tescili i\u00e7in duyulara seslenme<\/b><\/strong>\u00a0kavram\u0131 hakk\u0131nda bilgiler \u015fu \u015fekilde s\u0131ralan\u0131r:<\/p>\n<ul>\n<li>G\u00f6rsel olarak ho\u015f detaylar\u0131 yans\u0131tan ve duyulara hitap eden tasar\u0131mlar\u0131n tescil \u015fans\u0131 daha y\u00fcksektir.<\/li>\n<li>Bu kapsamda model, d\u0131\u015f renk, materyallerin parlakl\u0131k, matl\u0131k gibi \u00f6zellikleri, tasar\u0131m\u0131n ek aparatlar\u0131 g\u00f6rsel kapsamda incelenir.<\/li>\n<li>Belirli tasar\u0131mlar \u00f6zellikle sanat eserleri veya end\u00fcsriyel tasar\u0131mlar alg\u0131lanabilir nesnel ve kendilerine has detaylara sahip olmal\u0131d\u0131rlar.<\/li>\n<li>Di\u011fer \u00fcr\u00fcnlerden onlar\u0131 ay\u0131ran ve duyulara hitap eden nesnel detaylar\u0131n ab\u015far\u0131s\u0131 ile tescil alamaya hak kazan\u0131l\u0131r.<\/li>\n<\/ul>\n<p>Bu kapsamda uygun tasar\u0131mlar\u0131n as\u0131llar\u0131 ve tasar\u0131m sahibine ait olan TC kimlik kart belgesi ile ya\u015fan\u0131lan \u00fclkede yer alan T\u00fcrk Patent ve Marka Kurumu\u2019na <strong><b>tasar\u0131m tescili<\/b><\/strong>\u00a0ba\u015fvurular\u0131 ger\u00e7ekle\u015ftirilir.<\/p>\n","protected":false},"excerpt":{"rendered":"<p>Tasar\u0131m tescili, haklar\u0131\u00a0hakk\u0131nda bilgiler aktar\u0131l\u0131rken, tescilin, bir \u00fcr\u00fcn\u00fcn b\u00fct\u00fcn \u00e7izgi, \u015fekil, renk detaylar\u0131 ile zenginle\u015ftirilmi\u015f model hakk\u0131n\u0131n, yarat\u0131c\u0131 ki\u015fi taraf\u0131ndan yasal yollarla al\u0131nmas\u0131 ve bu \u00fcr\u00fcn\u00fcn \u00fc\u00e7\u00fcnc\u00fc ki\u015filerce \u00fcretilmemesinin ise tescilin haklar\u0131 oldu\u011fu detaylar\u0131na de\u011finilir. Tasar\u0131m tescili, \u00fcr\u00fcn veya eseri \u00fc\u00e7\u00fcnc\u00fc ki\u015filere kar\u015f\u0131 koruma alt\u0131na al\u0131r. Tasar\u0131m Tescili Almak \u0130\u00e7in \u015eartlar Neler? Tasar\u0131m tescili alma [&hellip;]<\/p>\n","protected":false},"author":3,"featured_media":753,"comment_status":"closed","ping_status":"closed","sticky":false,"template":"","format":"standard","meta":{"footnotes":""},"categories":[30],"tags":[131,117],"class_list":["post-924","post","type-post","status-publish","format-standard","has-post-thumbnail","category-bilgi-bankasi","tag-tasarim","tag-tescil"],"_links":{"self":[{"href":"https:\/\/sh.com.tr\/blog\/wp-json\/wp\/v2\/posts\/924","targetHints":{"allow":["GET"]}}],"collection":[{"href":"https:\/\/sh.com.tr\/blog\/wp-json\/wp\/v2\/posts"}],"about":[{"href":"https:\/\/sh.com.tr\/blog\/wp-json\/wp\/v2\/types\/post"}],"author":[{"embeddable":true,"href":"https:\/\/sh.com.tr\/blog\/wp-json\/wp\/v2\/users\/3"}],"replies":[{"embeddable":true,"href":"https:\/\/sh.com.tr\/blog\/wp-json\/wp\/v2\/comments?post=924"}],"version-history":[{"count":0,"href":"https:\/\/sh.com.tr\/blog\/wp-json\/wp\/v2\/posts\/924\/revisions"}],"wp:featuredmedia":[{"embeddable":true,"href":"https:\/\/sh.com.tr\/blog\/wp-json\/wp\/v2\/media\/753"}],"wp:attachment":[{"href":"https:\/\/sh.com.tr\/blog\/wp-json\/wp\/v2\/media?parent=924"}],"wp:term":[{"taxonomy":"category","embeddable":true,"href":"https:\/\/sh.com.tr\/blog\/wp-json\/wp\/v2\/categories?post=924"},{"taxonomy":"post_tag","embeddable":true,"href":"https:\/\/sh.com.tr\/blog\/wp-json\/wp\/v2\/tags?post=924"}],"curies":[{"name":"wp","href":"https:\/\/api.w.org\/{rel}","templated":true}]}}