{"id":1230,"count":1,"description":"","link":"https:\/\/sh.com.tr\/blog\/Etiket\/gelismis-guvenlik\/","name":"Geli\u015fmi\u015f G\u00fcvenlik","slug":"gelismis-guvenlik","taxonomy":"post_tag","meta":[],"_links":{"self":[{"href":"https:\/\/sh.com.tr\/blog\/wp-json\/wp\/v2\/tags\/1230","targetHints":{"allow":["GET"]}}],"collection":[{"href":"https:\/\/sh.com.tr\/blog\/wp-json\/wp\/v2\/tags"}],"about":[{"href":"https:\/\/sh.com.tr\/blog\/wp-json\/wp\/v2\/taxonomies\/post_tag"}],"wp:post_type":[{"href":"https:\/\/sh.com.tr\/blog\/wp-json\/wp\/v2\/posts?tags=1230"}],"curies":[{"name":"wp","href":"https:\/\/api.w.org\/{rel}","templated":true}]}}