{"id":1779,"count":1,"description":"","link":"https:\/\/sh.com.tr\/blog\/Etiket\/vds-islemci-kullanimi\/","name":"VDS i\u015flemci kullan\u0131m\u0131","slug":"vds-islemci-kullanimi","taxonomy":"post_tag","meta":[],"_links":{"self":[{"href":"https:\/\/sh.com.tr\/blog\/wp-json\/wp\/v2\/tags\/1779","targetHints":{"allow":["GET"]}}],"collection":[{"href":"https:\/\/sh.com.tr\/blog\/wp-json\/wp\/v2\/tags"}],"about":[{"href":"https:\/\/sh.com.tr\/blog\/wp-json\/wp\/v2\/taxonomies\/post_tag"}],"wp:post_type":[{"href":"https:\/\/sh.com.tr\/blog\/wp-json\/wp\/v2\/posts?tags=1779"}],"curies":[{"name":"wp","href":"https:\/\/api.w.org\/{rel}","templated":true}]}}