{"id":529,"count":1,"description":"","link":"https:\/\/sh.com.tr\/blog\/Etiket\/marka-icin-alan-adi-ipuclari\/","name":"Marka \u0130\u00e7in Alan Ad\u0131 \u0130pu\u00e7lar\u0131","slug":"marka-icin-alan-adi-ipuclari","taxonomy":"post_tag","meta":[],"_links":{"self":[{"href":"https:\/\/sh.com.tr\/blog\/wp-json\/wp\/v2\/tags\/529","targetHints":{"allow":["GET"]}}],"collection":[{"href":"https:\/\/sh.com.tr\/blog\/wp-json\/wp\/v2\/tags"}],"about":[{"href":"https:\/\/sh.com.tr\/blog\/wp-json\/wp\/v2\/taxonomies\/post_tag"}],"wp:post_type":[{"href":"https:\/\/sh.com.tr\/blog\/wp-json\/wp\/v2\/posts?tags=529"}],"curies":[{"name":"wp","href":"https:\/\/api.w.org\/{rel}","templated":true}]}}